{"provider_url": "https://www.catuipe.rs.leg.br", "title": "Calend\u00e1rio de Eventos 2017", "html": "<p style=\"text-align: justify; \"><b>DECRETO N.\u00ba. 12/2017</b></p>\r\n<p style=\"text-align: justify; \"><b>FIXA O CALEND\u00c1RIO DE EVENTOS DO MUNIC\u00cdPIO DE CATU\u00cdPE PARA O ANO DE 2017, E D\u00c1 OUTRAS PROVID\u00caNCIAS.</b></p>\r\n<p style=\"text-align: justify; \"><b>\u00a0</b><b>M\u00caS DE JANEIRO:</b></p>\r\n<p style=\"text-align: justify; \"><span>XX Rodeio Crioulo;</span></p>\r\n<p style=\"text-align: justify; \"><b>M\u00caS DE FEVEREIRO:</b></p>\r\n<ul style=\"text-align: justify; \">\r\n<li>Encontro de Abertura do Ano Letivo professores e funcion\u00e1rios da Educa\u00e7\u00e3o;</li>\r\n<li>Abertura das EMEIs e Escola Waldomiro Rossetto;</li>\r\n<li>Abertura Ano Letivo Redes Municipal e Estadual;</li>\r\n<li>Campanha de Preven\u00e7\u00e3o e Conscientiza\u00e7\u00e3o na luta contra o mosquito Aedes Aegypti;</li>\r\n<li>Mutir\u00e3o e Campanha de Combate a Dengue;</li>\r\n</ul>\r\n<p style=\"text-align: justify; \">\u00a0<b>M\u00caS DE MAR\u00c7O:</b></p>\r\n<ul style=\"text-align: justify; \">\r\n<li>Abertura das Oficinas do Cras;<b></b></li>\r\n<li>In\u00edcio das atividades Clube de M\u00e3es;<b></b></li>\r\n<li>In\u00edcio das atividades Clube Gera\u00e7\u00e3o Ativa;<b></b></li>\r\n<li>In\u00edcio atividades grupo de Especiais;<b></b></li>\r\n<li>In\u00edcio das atividades Grupo \u201cConviver \u00e9 viver na melhor idade\u201d;<b></b></li>\r\n<li>Comemora\u00e7\u00e3o \u2013 Dia Internacional da Mulher; (Intermunicipal);<b></b></li>\r\n<li>In\u00edcio \u2013 Ta\u00e7a dos Campe\u00f5es de Futsal RPI<b></b></li>\r\n<li>Dia Mundial da \u00c1gua;<b></b></li>\r\n<li>Abertura das atividades com Grupo de Hipertensos e Diab\u00e9ticos (encontros mensais);<b></b></li>\r\n<li>Anivers\u00e1rio da EMEF Ulisses Salazar (30/03).<b></b></li>\r\n<li>Anivers\u00e1rio da EMEF Dr. Waldomiro Rossetto (02/03).</li>\r\n<li>Abertura das atividades com o Grupo de Tabagismo (encontros semanais).</li>\r\n</ul>\r\n<p style=\"text-align: justify; \"><b>\u00a0</b><b>M\u00caS DE ABRIL</b></p>\r\n<ul style=\"text-align: justify; \">\r\n<li>Dia do Livro;<b></b></li>\r\n<li>Dia Mundial da Sa\u00fade;</li>\r\n<li>Comemora\u00e7\u00e3o P\u00e1scoa \u2013 Escolas Municipais, Cras, Clube de M\u00e3es, Gera\u00e7\u00e3o Ativa<b>;</b></li>\r\n<li>Dia Nacional da Preven\u00e7\u00e3o e Combate a Hipertens\u00e3o e Diabetes;</li>\r\n<li>Anivers\u00e1ria Escola Estadual Bar\u00e3o do Rio Branco;</li>\r\n<li>Anivers\u00e1rio Col\u00e9gio Estadual Catuipe;</li>\r\n<li>Campeonato Municipal de Bocha;</li>\r\n<li>Campeonato dos distritos e dos Bairros de Futebol de Campo, Bocha e Canastra;</li>\r\n</ul>\r\n<p style=\"text-align: justify; \">\u00a0<b>M\u00caS DE MAIO</b></p>\r\n<ul style=\"text-align: justify; \">\r\n<li>Dia do Trabalho;</li>\r\n<li>Comemora\u00e7\u00e3o do dia das M\u00e3es \u2013 Comunidade, Escolas, Cras, Clube de M\u00e3es e Gera\u00e7\u00e3o Ativa;</li>\r\n<li>Dia Internacional da Fam\u00edlia;</li>\r\n<li>Semana de Combate a C\u00e1rie;</li>\r\n<li>Dia do Desafio;<b></b></li>\r\n<li>Dia Internacional de Combate ao Fumo;</li>\r\n<li>Abertura das atividades do Grupo de Gestantes (encontros mensais);</li>\r\n<li>Anivers\u00e1rio da EMEF S\u00e3o Jo\u00e3o Batista La Salle (08/05);</li>\r\n<li>Abertura do Programa AABB Comunidade;</li>\r\n</ul>\r\n<p style=\"text-align: justify; \">\u00a0<b>M\u00caS DE JUNHO</b></p>\r\n<ul style=\"text-align: justify; \">\r\n<li>Dia Mundial Do Meio Ambiente;</li>\r\n<li>Santo Ant\u00f4nio \u2013 Padroeiro do Munic\u00edpio;</li>\r\n<li>Festa Junina \u2013 Escolas Municipais, Estaduais, Cras;</li>\r\n<li>Dia Internacional de Combate as Drogas;</li>\r\n<li>Campanha do Agasalho;</li>\r\n<li>Anivers\u00e1rio da Escola Estadual Marcelino Champagnat;</li>\r\n<li>Anivers\u00e1rio da Escola Estadual Euz\u00e9bio de Queiroz;</li>\r\n</ul>\r\n<p style=\"text-align: justify; \">\u00a0<b>M\u00caS DE JULHO</b></p>\r\n<ul style=\"text-align: justify; \">\r\n<li>XII Festival Municipal de Teatro;</li>\r\n<li>Dia da Vov\u00f3;</li>\r\n<li>Anivers\u00e1rio EMEI Branca de Neve (02/07);</li>\r\n<li>Forma\u00e7\u00e3o para as escolas da rede municipal;<b></b></li>\r\n<li>Olimp\u00edadas de inverno;<b></b></li>\r\n</ul>\r\n<p style=\"text-align: justify; \">\u00a0<b>M\u00caS DE AGOSTO</b></p>\r\n<ul style=\"text-align: justify; \">\r\n<li>Dia Nacional da Sa\u00fade;</li>\r\n<li>Comemora\u00e7\u00e3o Dia Dos Pais \u2013 Escolas Municipais, Estaduais, Cras;</li>\r\n<li>Comemora\u00e7\u00e3o Dia Internacional do Folclore;</li>\r\n<li>Semana \u2013 Pessoas com Necessidades Especiais;</li>\r\n<li>Dia do Estudante;</li>\r\n<li>Anivers\u00e1rio da EMEI Crian\u00e7a Feliz \u2013 (01/08);</li>\r\n</ul>\r\n<p style=\"text-align: justify; \">\u00a0<b>M\u00caS SETEMBRO</b></p>\r\n<ul style=\"text-align: justify; \">\r\n<li>Abertura da Semana da P\u00e1tria;</li>\r\n<li>Comemora\u00e7\u00e3o Dia do Ga\u00facho, Especiais e Escolas Municipais;</li>\r\n<li>Dia Do Transito;</li>\r\n<li>Dia Nacional de Preven\u00e7\u00e3o a Doen\u00e7as Card\u00edacas;</li>\r\n<li>12\u00aa FEICAT;</li>\r\n<li>Campeonato Municipal de Futebol de Campo;</li>\r\n</ul>\r\n<p style=\"text-align: justify; \">\u00a0<b>M\u00caS OUTUBRO</b></p>\r\n<ul style=\"text-align: justify; \">\r\n<li>Dia Nacional e Internacional do Idoso;</li>\r\n<li>Outubro Rosa \u2013 Combate ao C\u00e2ncer de mama \u2013 Eventos durante o m\u00eas;</li>\r\n<li>\u00a0Dia do Professor;</li>\r\n<li>Comemora\u00e7\u00e3o do Dia da Crian\u00e7a;</li>\r\n<li>Anivers\u00e1rio do Munic\u00edpio;</li>\r\n<li>Dia do Funcion\u00e1rio P\u00fablico;</li>\r\n<li>Dia da Solidariedade;</li>\r\n<li>Anivers\u00e1rio da EMEF Marechal Arthur da Costa e Silva \u2013 (03/10);</li>\r\n<li>Forma\u00e7\u00e3o da SMEC e homenagem aos\u00a0 Professores e Funcion\u00e1rios da Educa\u00e7\u00e3o;<b></b></li>\r\n<li>XXV Festival de Dan\u00e7a;</li>\r\n<li>Jogo Festivo de Anivers\u00e1rio do Munic\u00edpio;</li>\r\n<li>R\u00fastica do Munic\u00edpio;</li>\r\n<li>Campeonato Municipal de Futsal, Lions Clube;</li>\r\n</ul>\r\n<p style=\"text-align: justify; \">\u00a0<b>M\u00caS DE NOVEMBRO</b></p>\r\n<ul style=\"text-align: justify; \">\r\n<li>Dia da Cultura;</li>\r\n<li>Novembro Azul \u2013 Sa\u00fade do Homem \u2013 Eventos durante o m\u00eas;</li>\r\n<li>M\u00eas de Combate ao Diabetes;</li>\r\n<li>M\u00eas de Combate a Tuberculose;</li>\r\n<li>M\u00eas de Combate a Dengue;</li>\r\n<li>Semana do Beb\u00ea;</li>\r\n<li>Dia Internacional Da N\u00e3o Viol\u00eancia Contra a Mulher;</li>\r\n<li>Anivers\u00e1ria Escola Estadual Antonio Morisso;</li>\r\n<li>XV Feira Municipal do Livro;</li>\r\n</ul>\r\n<p style=\"text-align: justify; \"><b>\u00a0</b><b>M\u00caS DE DEZEMBRO</b></p>\r\n<ul>\r\n<li style=\"text-align: justify; \">Dia Mundial da Luta Contra a AIDS e DST;<b></b></li>\r\n<li style=\"text-align: justify; \">Encerramento Programa AABB Comunidade;</li>\r\n<li style=\"text-align: justify; \">Encerramento atividades Clube de M\u00e3es \u2013 Festa Integra\u00e7\u00e3o;</li>\r\n<li style=\"text-align: justify; \">Encerramento atividades Grupo Gera\u00e7\u00e3o Ativa \u2013 Festa de Integra\u00e7\u00e3o;</li>\r\n<li style=\"text-align: justify; \">Encerramento atividades Grupo Especiais \u2013 Festa de Integra\u00e7\u00e3o;</li>\r\n<li style=\"text-align: justify; \">Encerramento programa de Idosos \u201cConviver \u00e9 viver na melhor idade\u201d;</li>\r\n<li style=\"text-align: justify; \">Comemora\u00e7\u00e3o de Natal \u2013 Festa do Munic\u00edpio;</li>\r\n<li style=\"text-align: justify; \">Solenidades de Formatura das Escolas Municipais e Estaduais;</li>\r\n<li style=\"text-align: justify; \">Anivers\u00e1rio da EMEF Girassol (27/12);</li>\r\n<li style=\"text-align: justify; \">Resgate de Aprendizagem;</li>\r\n<li style=\"text-align: justify; \">Dia da B\u00edblia;</li>\r\n<li style=\"text-align: justify; \">Encerramento de Campeonatos Esportivos;</li>\r\n<li style=\"text-align: justify; \">Encerramento e Premia\u00e7\u00e3o de Campeonato Municipal de Empresas;</li>\r\n</ul>", "author_name": "ctp", "version": "1.0", "author_url": "https://www.catuipe.rs.leg.br/author/ctp", "provider_name": "C\u00e2mara Municipal de Catu\u00edpe", "type": "rich"}