{"provider_url": "https://www.catuipe.rs.leg.br", "title": "Sess\u00e3o Mirim em Catu\u00edpe", "html": "<p style=\"text-align: justify; \">Ocorreu nesta ter\u00e7a-feira, dia 13 de novembro, na C\u00e2mara Municipal de vereadores de Catu\u00edpe, a Sess\u00e3o Mirim. O evento foi uma iniciativa do Presidente da Casa, Senhor Jo\u00e3o Carlos Dallepiane, e objetivava promover a integra\u00e7\u00e3o entre as escolas municipais e estaduais do munic\u00edpio e a C\u00e2mara Municipal, bem como o desenvolvimento da educa\u00e7\u00e3o, sendo uma oportunidade para o crescimento pessoal e intelectual de cada participante.\u00a0 O evento contou com a participa\u00e7\u00e3o dos Vereadores da Casa Legislativa, pais dos alunos, professores e diretores das Escolas, tamb\u00e9m se fizeram presentes membros da comunidade, prestigiando a Sess\u00e3o Mirim.</p>\r\n<p style=\"text-align: justify; \">Os Vereadores Mirins foram avaliados atrav\u00e9s de uma reda\u00e7\u00e3o, em que o tema era \u201cPor que quero ser um Vereador Mirim?\u201d, as tr\u00eas melhores respostas classificaram os autores para Presidente, Vice-Presidente e Secret\u00e1rio da Mesa.</p>\r\n<p style=\"text-align: justify; \">\u00a0</p>\r\n<p style=\"text-align: justify; \">Participaram da Sess\u00e3o Mirim os alunos:</p>\r\n<p style=\"text-align: justify; \">J\u00falia de Souza Dinkoski \u2013 Presidenta da Sess\u00e3o Mirim- E.E.E.F. Bar\u00e3o do Rio Branco;</p>\r\n<p style=\"text-align: justify; \">Pedro Alcis Cassol \u2013 Vice-Presidente da Sess\u00e3o Mirim \u2013 E.E.E.F. Padre Marcelino Champagnat</p>\r\n<p style=\"text-align: justify; \">Rafael Cadore dos Santos \u2013 Secret\u00e1rio \u2013 E.M.E.F. Ulisses Salazar</p>\r\n<p style=\"text-align: justify; \">Ana Carolina Almiron Baggio \u2013 Vereadora Mirim \u2013 E.E.E.F. Bar\u00e3o do Rio Branco</p>\r\n<p style=\"text-align: justify; \">Bruno Telles dos Santos \u2013 Vereador Mirim \u2013 E.E.E.F. Eus\u00e9bio de Queir\u00f3s</p>\r\n<p style=\"text-align: justify; \">Jo\u00e3o Victor Benetti Filipim - Vereador Mirim \u2013 E.M.E.F. Girassol</p>\r\n<p style=\"text-align: justify; \">Hellen Centeno da Costa \u2013 Vereadora Mirim \u2013 E.M.E.F. Ulisses Salazar</p>\r\n<p style=\"text-align: justify; \">Kerlon Leonardi Hinterholz \u2013 Vereador Mirim \u2013 E.M.E.F. Girassol</p>\r\n<p style=\"text-align: justify; \">Jo\u00e3o Pedro da Costa Palharim \u2013 Vereador Mirim \u2013 E.M.E.F. Girassol</p>\r\n<p style=\"text-align: justify; \">\u00a0</p>\r\n<p style=\"text-align: justify; \">Iniciando a Sess\u00e3o Mirim, os Vereadores Mirins foram Diplomados e empossados, e tamb\u00e9m prestaram o juramento no qual prometeram cumprir a Constitui\u00e7\u00e3o Federal, a Estadual e a Lei Org\u00e2nica municipal.</p>\r\n<p style=\"text-align: justify; \">Durante a Sess\u00e3o Mirim, os alunos apresentaram seus pedidos e fizeram agradecimentos. Os pedidos foram centrados em melhorias escolares e para regi\u00f5es da cidade onde circula o transporte escolar.</p>\r\n<p style=\"text-align: justify; \">O Programa aproximou ainda mais a comunidade desta Casa Legislativa, atrav\u00e9s do contato com escolas, estudantes e seus familiares, a oportunidade foi muito bem aproveitada pelos jovens Vereadores Mirins.</p>\r\n<p style=\"text-align: justify; \">O Presidente da C\u00e2mara Municipal de Vereadores, Senhor Jo\u00e3o Carlos Dallepiane agradece a presen\u00e7a e a participa\u00e7\u00e3o de todos os que estiveram na reuni\u00e3o de Vereadores Mirins, tamb\u00e9m agradece aos Vereadores desta Casa Legislativa, e ao Radialista Leandro Benetti, da R\u00e1dio \u00c1guas Claras, pela divulga\u00e7\u00e3o do Programa C\u00e2mara Mirim.</p>", "author_name": "ctp", "version": "1.0", "author_url": "https://www.catuipe.rs.leg.br/author/ctp", "provider_name": "C\u00e2mara Municipal de Catu\u00edpe", "type": "rich"}