{"provider_url": "https://www.catuipe.rs.leg.br", "title": "Setembro Amarelo", "html": "<p class=\" \" style=\"text-align: justify; \"><span class=\"sb-slidebar\">Iniciado no Brasil pelo\u00a0<a href=\"http://www.cvv.org.br/\" target=\"_blank\">CVV (Centro de Valoriza\u00e7\u00e3o da Vida)</a>,\u00a0<a href=\"http://www.cfm.org.br/\" target=\"_blank\">CFM (Conselho Federal de Medicina)</a>\u00a0e\u00a0<a href=\"http://www.abp.org.br/\" target=\"_blank\">ABP (Associa\u00e7\u00e3o Brasileira de Psiquiatria)</a>, o Setembro Amarelo realizou as primeiras atividades em 2014 concentradas em Bras\u00edlia. Em 2015 j\u00e1 conseguiu uma maior exposi\u00e7\u00e3o com a\u00e7\u00f5es em todas as regi\u00f5es do pa\u00eds. Mundialmente, o\u00a0<a href=\"http://www.iasp.info/\" target=\"_blank\">IASP \u2013 Associa\u00e7\u00e3o Internacional para Preven\u00e7\u00e3o do Suic\u00eddio</a>\u00a0estimula a divulga\u00e7\u00e3o da causa, vinculado ao dia 10 do mesmo m\u00eas no qual se comemora o Dia Mundial de Preven\u00e7\u00e3o do Suic\u00eddio.</span></p>\r\n<p class=\" \" style=\"text-align: justify; \"><span class=\"sb-slidebar\">Setembro Amarelo\u00a0\u00e9 uma campanha de conscientiza\u00e7\u00e3o sobre a preven\u00e7\u00e3o do suic\u00eddio, com o objetivo direto de alertar a popula\u00e7\u00e3o a respeito da realidade do suic\u00eddio no Brasil e no mundo e suas formas de preven\u00e7\u00e3o. Ocorre no m\u00eas de setembro, desde 2014, por meio de identifica\u00e7\u00e3o de locais p\u00fablicos e particulares com a cor amarela e ampla divulga\u00e7\u00e3o de informa\u00e7\u00f5es.\u00a0</span></p>\r\n<p class=\" \" style=\"text-align: justify; \"><span class=\"sb-slidebar\"><br /></span></p>", "author_name": "ctp", "version": "1.0", "author_url": "https://www.catuipe.rs.leg.br/author/ctp", "provider_name": "C\u00e2mara Municipal de Catu\u00edpe", "type": "rich"}