{"provider_url": "https://www.catuipe.rs.leg.br", "title": "Comiss\u00e3o de Finan\u00e7as e Or\u00e7amento", "html": "<p style=\"text-align: justify; \">Compete \u00e0 Comiss\u00e3o de Finan\u00e7as e Or\u00e7amento, al\u00e9m de outras previstas em Regimento:<b>\u00a0</b><span>opinar sobre projetos de or\u00e7amentos do munic\u00edpio e suas autarquias; abertura de cr\u00e9dito; mat\u00e9ria tribut\u00e1ria, d\u00edvida p\u00fablica e opera\u00e7\u00f5es de cr\u00e9dito; fixa\u00e7\u00e3o ou altera\u00e7\u00e3o da remunera\u00e7\u00e3o dos servidores; presta\u00e7\u00e3o de contas do Prefeito; e mat\u00e9ria que envolva altera\u00e7\u00e3o patrimonial para o Munic\u00edpio.</span><span>\u00a0</span></p>\r\n<p style=\"text-align: justify; \"><strong><br /></strong></p>\r\n<p style=\"text-align: center; \"><strong>\u00a0MEMBROS DA COMISS\u00c3O DE FINAN\u00c7AS E OR\u00c7AMENTO:</strong></p>\r\n<p><b>2025</b></p>\r\n<p><strong><a title=\"\" href=\"https://www.catuipe.rs.leg.br/processo-legislativo/parlamentares\" class=\"internal-link\" target=\"_self\">Wilson Ribeiro da Silveira (PDT)</a> - Presidente</strong></p>\r\n<p><b><a title=\"\" href=\"https://www.catuipe.rs.leg.br/processo-legislativo/parlamentares\" class=\"internal-link\" target=\"_self\">Vilmar Fucilini (PDT)\u00a0</a>- Vice-Presidente</b></p>\r\n<p><b><a title=\"\" href=\"https://www.catuipe.rs.leg.br/processo-legislativo/parlamentares\" class=\"internal-link\" target=\"_self\">Arthur Carlos Machado Trevisan (PP)</a> - Relator</b></p>\r\n<p style=\"text-align: center; \">\u00a0</p>\r\n<p style=\"text-align: left; \"><b>2024</b></p>\r\n<p style=\"text-align: left; \"><b><strong><strong><a title=\"\" href=\"https://www.catuipe.rs.leg.br/processo-legislativo/parlamentares\" class=\"internal-link\" target=\"_self\">Ademir Sebasti\u00e3o Burmann (PDT)</a>\u00a0-\u00a0<strong>Presidente</strong></strong></strong></b></p>\r\n<p style=\"text-align: left; \"><b><strong><a title=\"\" href=\"https://www.catuipe.rs.leg.br/processo-legislativo/parlamentares\" class=\"internal-link\" target=\"_self\">Gladimir Militz Wey\u00a0(PT)</a>\u00a0- Vice-</strong><strong>Presidente</strong></b></p>\r\n<p style=\"text-align: left; \"><b><strong><strong><a title=\"\" href=\"https://www.catuipe.rs.leg.br/processo-legislativo/parlamentares\" class=\"internal-link\" target=\"_self\">Adriana Prestes Belinaso\u00a0(PDT)</a>\u00a0- Relatora</strong></strong></b></p>\r\n<p style=\"text-align: left; \"><b><br /></b></p>\r\n<p style=\"text-align: left; \"><b>2023</b></p>\r\n<p style=\"text-align: left; \"><strong><a title=\"\" href=\"https://www.catuipe.rs.leg.br/processo-legislativo/parlamentares\" class=\"internal-link\" target=\"_self\">Adriana Prestes Belinaso\u00a0(PDT)</a>\u00a0- Presidente</strong></p>\r\n<p style=\"text-align: left; \"><b><a title=\"\" href=\"https://www.catuipe.rs.leg.br/processo-legislativo/parlamentares\" class=\"internal-link\" target=\"_self\">Rubian Jos\u00e9 Konageski (PDT) </a>- Vice-Presidente</b></p>\r\n<p style=\"text-align: left; \"><b><a title=\"\" href=\"https://www.catuipe.rs.leg.br/processo-legislativo/parlamentares\" class=\"internal-link\" target=\"_self\">Luiz Fernando Baroni</a> - Relator</b></p>\r\n<p style=\"text-align: left; \"><b><br /></b></p>\r\n<p><strong>2022</strong></p>\r\n<p><strong><strong><a title=\"\" href=\"https://www.catuipe.rs.leg.br/processo-legislativo/parlamentares\" class=\"internal-link\" target=\"_self\">Ademir Sebasti\u00e3o Burmann (PDT)</a>\u00a0-\u00a0<strong>Presidente</strong></strong></strong></p>\r\n<p><strong><strong><a title=\"\" href=\"https://www.catuipe.rs.leg.br/processo-legislativo/parlamentares\" class=\"internal-link\" target=\"_self\">Paulo Roberto Dalla Corte (PP)</a>\u00a0- Vice-<strong>Presidente</strong></strong></strong></p>\r\n<p><strong><a title=\"\" href=\"https://www.catuipe.rs.leg.br/processo-legislativo/parlamentares\" class=\"internal-link\" target=\"_self\">Adriana Prestes Belinaso\u00a0(PDT)</a>\u00a0- Relatora</strong></p>\r\n<p><strong><a title=\"\" href=\"https://www.catuipe.rs.leg.br/processo-legislativo/parlamentares\" class=\"internal-link\" target=\"_self\">Joabel Zimmermann (PDT)</a> - Suplente</strong></p>\r\n<p style=\"text-align: left; \"><strong><br /></strong></p>\r\n<p style=\"text-align: left; \"><strong>2021</strong></p>\r\n<p><strong><strong><a title=\"\" href=\"https://www.catuipe.rs.leg.br/processo-legislativo/parlamentares\" class=\"internal-link\" target=\"_self\">Ademir Sebasti\u00e3o Burmann (PDT)</a>\u00a0-\u00a0<strong>Presidente</strong></strong></strong></p>\r\n<p><strong><strong><a title=\"\" href=\"https://www.catuipe.rs.leg.br/processo-legislativo/parlamentares\" class=\"internal-link\" target=\"_self\">Paulo Roberto Dalla Corte (PP)</a>\u00a0- Secret\u00e1rio</strong></strong></p>\r\n<p><strong><a title=\"\" href=\"https://www.catuipe.rs.leg.br/processo-legislativo/parlamentares\" class=\"internal-link\" target=\"_self\">Adriana Prestes Belinaso (PDT)</a>\u00a0- Relatora</strong></p>\r\n<p style=\"text-align: left; \"><strong><br /></strong></p>\r\n<p style=\"text-align: left; \"><strong>2020</strong></p>\r\n<p style=\"text-align: left; \"><strong><strong><a title=\"\" href=\"https://www.catuipe.rs.leg.br/processo-legislativo/parlamentares\" class=\"internal-link\" target=\"_self\">Jo\u00e3o Carlos Dallepiane (PDT)</a>\u00a0-\u00a0<strong>Presidente</strong></strong></strong></p>\r\n<p style=\"text-align: left; \"><strong><strong><a title=\"\" href=\"https://www.catuipe.rs.leg.br/processo-legislativo/parlamentares\" class=\"internal-link\" target=\"_self\">Dejair L\u00e9o Fritz (PP)</a>\u00a0- Vice-<strong>Presidente</strong></strong></strong></p>\r\n<p style=\"text-align: left; \"><strong><strong><strong><a title=\"\" href=\"https://www.catuipe.rs.leg.br/processo-legislativo/parlamentares\" class=\"internal-link\" target=\"_self\">Joel dos Santos (PDT)</a> - Relator</strong></strong></strong></p>\r\n<p style=\"text-align: left; \"><strong><br /></strong></p>\r\n<p style=\"text-align: left; \"><strong>2019</strong></p>\r\n<p><strong><a title=\"\" href=\"https://www.catuipe.rs.leg.br/processo-legislativo/parlamentares\" class=\"internal-link\" target=\"_self\">Jo\u00e3o Carlos Dallepiane (PDT)</a> -\u00a0<strong>Presidente</strong></strong></p>\r\n<p><strong><a title=\"\" href=\"https://www.catuipe.rs.leg.br/processo-legislativo/parlamentares\" class=\"internal-link\" target=\"_self\">Rodolfo Ant\u00f4nio Burmann (PT)</a> -\u00a0<strong>Vice-Presidente</strong></strong></p>\r\n<p><strong><a title=\"\" href=\"https://www.catuipe.rs.leg.br/processo-legislativo/parlamentares\" class=\"internal-link\" target=\"_self\">Pedro Itamar de Souza (P<strong>P</strong>)</a> -\u00a0<strong>Relator</strong></strong></p>\r\n<p style=\"text-align: left; \"><strong><br /></strong></p>\r\n<p style=\"text-align: left; \"><strong>2018</strong></p>\r\n<p><strong><a title=\"\" href=\"https://www.catuipe.rs.leg.br/processo-legislativo/parlamentares\" class=\"internal-link\" target=\"_self\">Dejair L\u00e9o Fritz (PP)</a> -\u00a0<strong>Presidente</strong></strong></p>\r\n<p><strong><a title=\"\" href=\"https://www.catuipe.rs.leg.br/processo-legislativo/parlamentares\" class=\"internal-link\" target=\"_self\">Rodolfo Ant\u00f4nio Burmann (PT)</a> -\u00a0<strong>Vice-Presidente</strong></strong></p>\r\n<p><strong><a title=\"\" href=\"https://www.catuipe.rs.leg.br/processo-legislativo/parlamentares\" class=\"internal-link\" target=\"_self\">Joabel Zimmermann (PDT)</a> -\u00a0<strong>Relator</strong></strong></p>\r\n<p><strong><br /></strong></p>\r\n<p><strong>2017</strong></p>\r\n<p style=\"text-align: left; \"><strong><a title=\"\" href=\"https://www.catuipe.rs.leg.br/processo-legislativo/parlamentares\" class=\"internal-link\" target=\"_self\"><strong>Dejair L\u00e9o Fritz</strong>\u00a0(<strong>PP)</strong></a>\u00a0-\u00a0<strong>Presidente\u00a0</strong><span>\u00a0</span></strong></p>\r\n<div class=\"visualClear\"><strong><a title=\"\" href=\"https://www.catuipe.rs.leg.br/processo-legislativo/parlamentares\" class=\"internal-link\" target=\"_self\">Rodolfo Antonio Burmann\u00a0(PT)</a>\u00a0-\u00a0</strong><strong>Vice-Presidente\u00a0</strong></div>\r\n<div class=\"visualClear\"><strong><br /></strong></div>\r\n<div class=\"visualClear\"><strong><strong><a title=\"\" href=\"https://www.catuipe.rs.leg.br/processo-legislativo/parlamentares\" class=\"internal-link\" target=\"_self\">Janete R. Benetti\u00a0(PT)</a>\u00a0-\u00a0</strong><strong>Relatora</strong></strong></div>\r\n<p style=\"text-align: left; \"><strong><span><br /></span></strong></p>\r\n<p><strong>2016</strong></p>\r\n<div class=\"visualClear\"><strong><a title=\"\" href=\"https://www.catuipe.rs.leg.br/processo-legislativo/parlamentares\" class=\"internal-link\" target=\"_self\">Gladimir Militz Wey\u00a0(PT)</a>\u00a0-\u00a0</strong><strong>Presidente</strong></div>\r\n<div class=\"visualClear\"><strong>\u00a0</strong></div>\r\n<div class=\"visualClear\">\r\n<div class=\"visualClear\"><strong><a title=\"\" href=\"https://www.catuipe.rs.leg.br/processo-legislativo/parlamentares\" class=\"internal-link\" target=\"_self\">Vilson Zaltron (PP)</a>\u00a0-\u00a0</strong><strong>Vice-Presidente\u00a0</strong></div>\r\n<div class=\"visualClear\"><strong><br /></strong></div>\r\n<div class=\"visualClear\">\r\n<div class=\"visualClear\"><strong><a title=\"\" href=\"https://www.catuipe.rs.leg.br/processo-legislativo/parlamentares\" class=\"internal-link\" target=\"_self\">Pedro I. de Souza (PP)</a>\u00a0-\u00a0</strong><strong>Relator</strong></div>\r\n<div class=\"visualClear\"><strong><br /></strong></div>\r\n<div class=\"visualClear\"><strong><br /></strong></div>\r\n<div class=\"visualClear\"><strong>2015</strong></div>\r\n<div class=\"visualClear\"><strong><br /></strong></div>\r\n<div class=\"visualClear\">\r\n<div class=\"visualClear\"><strong><a title=\"\" href=\"https://www.catuipe.rs.leg.br/processo-legislativo/parlamentares\" class=\"internal-link\" target=\"_self\">Gladimir Militz Wey\u00a0(PT)</a>\u00a0-\u00a0</strong><strong>Presidente\u00a0</strong></div>\r\n<div class=\"visualClear\"><strong><br /></strong></div>\r\n<div class=\"visualClear\">\r\n<div class=\"visualClear\"><strong><a title=\"\" href=\"https://www.catuipe.rs.leg.br/processo-legislativo/parlamentares\" class=\"internal-link\" target=\"_self\">Vilson Zaltron\u00a0(PP)</a>\u00a0-\u00a0</strong><strong>Vice-Presidente\u00a0</strong></div>\r\n<div class=\"visualClear\"><strong><br /></strong></div>\r\n<div class=\"visualClear\">\r\n<div class=\"visualClear\"><strong><a title=\"\" href=\"https://www.catuipe.rs.leg.br/processo-legislativo/parlamentares\" class=\"internal-link\" target=\"_self\">Rudi A. Dacanal (PP)</a>\u00a0-\u00a0</strong><strong>Relator\u00a0</strong></div>\r\n</div>\r\n</div>\r\n</div>\r\n</div>\r\n</div>", "author_name": "ctp", "version": "1.0", "author_url": "https://www.catuipe.rs.leg.br/author/ctp", "provider_name": "C\u00e2mara Municipal de Catu\u00edpe", "type": "rich"}