{"provider_url": "https://www.catuipe.rs.leg.br", "title": "Resumo das Sess\u00f5es - 2018", "html": "<p style=\"text-align: justify; \"><b>EM 27/12/218 - <b>SEGUNDA (02\u00aa) SESS\u00c3O EXTRAORDIN\u00c1RIA DE 2018 E A QUINQUAG\u00c9SIMA NONA (59\u00aa) SESS\u00c3O DA LEGISLATURA 2017/2020.</b></b></p>\r\n<p style=\"text-align: justify; \"><b><span>PROJETO APRESENTADO PELO PODER EXECUTIVO.</span></b></p>\r\n<p style=\"text-align: justify; \"><b>Projeto de Lei N\u00ba 49/2018 </b>\u2013 ESTABELECE CRIT\u00c9RIOS PARA A SELE\u00c7\u00c3O DOS BENEFICI\u00c1RIOS DO PROGRAMA MINHA CASA MINHA VIDA, REVOGA A LEI 2075/2018, E D\u00c1 OUTRAS PROVID\u00caNCIAS. <b>Projeto aprovado por unanimidade.</b></p>\r\n<p style=\"text-align: justify; \"><b>Projeto de Lei N\u00ba 50/2018 </b>\u2013 AUTORIZA O PODER EXECUTIVO MUNICIPAL A CED\u00caNCIA EM PERMUTA DE SERVIDOR COM O MUNIC\u00cdPIO DE IJUI, E D\u00c1 OUTRAS PROVID\u00caNCIAS.<b> Projeto aprovado por unanimidade.</b></p>\r\n<p style=\"text-align: justify; \"><b>Projeto de Lei N\u00ba 51/2018 </b>\u2013 DEFINE A LARGURA, COMPRIMENTO E \u00c1REAS DAS RUAS DO DISTRITO INDUSTRIAL DO MUNIC\u00cdPIO DE CATU\u00cdPE, E D\u00c1 OUTRAS PROVID\u00caNCIAS.<b> Projeto aprovado por unanimidade.</b></p>\r\n<p style=\"text-align: justify; \"><b>Projeto de Lei N\u00ba 52/2018 </b>\u2013 AUTORIZA O PODER EXECUTIVO REPASSAR RECURSOS FINANCEIROS AO CONPOP \u2013 CONSELHO COMUNIT\u00c1RIO PRO ORDEM P\u00daBLICA CATU\u00cdPE, COM VISTAS \u00c1 INSTALA\u00c7\u00c3O DE SISTEMA DE MONITORAMENTO NO QUARTEL DA BM DE CATU\u00cdPE, E D\u00c1 OUTRAS PROVID\u00caNCIAS.<b> Projeto aprovado por unanimidade.</b></p>\r\n<p><b style=\"text-align: justify; \"><b>------------------------------------------------------------------------</b></b></p>\r\n<p style=\"text-align: justify; \"><b>EM 11/12/218 - VIG\u00c9SIMA QUINTA (25\u00aa) SESS\u00c3O ORDIN\u00c1RIA DE 2018 E A QUINQUAG\u00c9SIMA OITAVA (58\u00aa) SESS\u00c3O DA LEGISLATURA 2017/2020.</b></p>\r\n<p style=\"text-align: justify; \"><b>PROJETOS DO PODER EXECUTIVO</b></p>\r\n<p style=\"text-align: justify; \"><b>Projeto de Lei N\u00ba 45/2018 </b>\u2013 ESTABELECE A POL\u00cdTICA, CRIA O CONSELHO E O FUNDO MUNICIPAL DO IDOSO. <b>Projeto aprovado por unanimidade.</b></p>\r\n<p style=\"text-align: justify; \"><b>Projeto de Lei N\u00ba 46/2018 </b>\u2013 AUTORIZA O PODER EXECUTIVO A ALIENAR BENS IM\u00d3VEIS URBANOS DO LOTEAMENTO BAIRRO NEVES, SITUADO NA TRAVESSA FARROUPILHA, DESTINADOS \u00c1 CONSTRU\u00c7\u00c3O DE UNIDADES HABITACIONAIS, REVOGA A LEI 2048/2018, E D\u00c1 OUTRAS PROVID\u00caNCIAS.<b> Projeto aprovado por unanimidade.</b></p>\r\n<p style=\"text-align: justify; \"><b>Projeto de Lei N\u00ba 47/2018 </b>\u2013 REVOGA A LEI N\u00b0.1.992/2017, QUE ALTEROU OS ARTS.2\u00ba E 3\u00b0 DA LEI MUNICIPAL N\u00b0.1.866/2014, QUE AUTORIZA O PODER EXECUTIVO MUNICIPAL A ADERIR AO PROGRAMA MAIS M\u00c9DICOS, A CONCEDER AUX\u00cdLIO MORADIA E AUX\u00cdLIO ALIMENTA\u00c7\u00c3O, E D\u00c1 OUTRAS PROVID\u00caNCIAS.<b> Projeto aprovado por unanimidade.</b></p>\r\n<p style=\"text-align: justify; \"><b>Projeto de Lei N\u00ba 48/2018 </b>\u2013 ABRE CR\u00c9DITO ESPECIAL.<b> Projeto aprovado por unanimidade.</b></p>\r\n<p style=\"text-align: justify; \"><b></b><b>PEDIDOS DO PODER LEGISLATIVO</b></p>\r\n<p style=\"text-align: justify; \"><b>PEDIDOS DE INDICA\u00c7\u00c3O DO VEREADOR DEJAIR L\u00c9O FRITZ (PROGRESSISTA)</b></p>\r\n<p style=\"text-align: justify; \"><b></b>1 -<b> \u00a0\u00a0 </b>Para que a Secretaria Municipal de Obras providencie a limpeza e desobstru\u00e7\u00e3o para melhor escoamento pluvial na Avenida Rio Branco ap\u00f3s a ponte sobre o rio Santo Ant\u00f4nio/sa\u00edda para Rinc\u00e3o dos Dacanal.<b> Pedido aprovado por unanimidade.</b></p>\r\n<p style=\"text-align: justify; \"><b></b>2 \u2013 Para que a Secretaria de Obras realize a limpeza de lixo e entulhos na esquina na Rua: S\u00e3o Luis/Ijui, bairro Santa Rosa.<b> Pedido aprovado por unanimidade.</b></p>\r\n<p style=\"text-align: justify; \"><b></b>3 - Para que o Poder P\u00fablico Municipal atrav\u00e9s do \u00d3rg\u00e3o competente viabilize estudo e projeto visando a amplia\u00e7\u00e3o da ponte existente na comunidade de Passo Ara\u00e7\u00e1, pois a estrutura atual dificulta a passagem de maquin\u00e1rios agr\u00edcolas.<b> Pedido aprovado por unanimidade.</b></p>\r\n<p><b><span><b><b>\u00a0<strong>------------------------------------------------------------------------</strong></b></b></span></b></p>\r\n<p><b><b>EM 04/12/2018 -\u00a0 VIG\u00c9SIMA QUARTA (24\u00aa) SESS\u00c3O ORDIN\u00c1RIA DE 2018 E A QUINQUAG\u00c9SIMA S\u00c9TIMA (57\u00aa) SESS\u00c3O DA LEGISLATURA 2017/2020.</b></b></p>\r\n<p><b>PROJETOS DO PODER EXECUTIVO</b></p>\r\n<p><b>Projeto de Lei N\u00ba 43/2018 </b>\u2013 DISP\u00d5E SOBRE A POLITICA HABITACIONAL DE INTERESSE SOCIAL DO MUNIC\u00cdPIO DE CATU\u00cdPE, VOLTADO PARA A POPULA\u00c7\u00c3O DE RENDA FAMILIAR FAIXA 2 E 3, E D\u00c1 OUTRAS PROVID\u00caNCIAS.<b> Projeto aprovado por unanimidade.</b></p>\r\n<p><b>Projeto de Lei N\u00ba 44/2018 </b>\u2013 AUTORIZA O PODER EXECUTIVO MUNICIPAL A DOAR IM\u00d3VEL, TERRENO DESMEMBRADO DO GIN\u00c1SIO DE ESPORTES, E D\u00c1 OUTRAS PROVID\u00caNCIAS. <b>Projeto aprovado por unanimidade.</b></p>\r\n<p><b>PROJETO DO PODER LEGISLATIVO</b></p>\r\n<p><b>Projeto de Lei N\u00ba 05/2018 do Vereador Jo\u00e3o Carlos Dallepiane (PDT)\u00a0</b>\u2013 INSTITUI NO \u00c2MBITO MUNICIPAL A C\u00c2MARA DE VEREADORES MIRIM, E D\u00c1 OUTRAS PROVID\u00caNCIAS. <b>Projeto aprovado por unanimidade.</b></p>\r\n<p><b><span><span>\u00a0</span><strong>------------------------------------------------------------------------</strong></span></b></p>\r\n<p><b><span>EM 27/11/2018 -\u00a0 VIG\u00c9SIMA TERCEIRA (23\u00aa) SESS\u00c3O ORDIN\u00c1RIA DE 2018 E A QUINQUAG\u00c9SIMA SEXTA (56\u00aa) SESS\u00c3O DA LEGISLATURA 2017/2020.</span></b></p>\r\n<p><b><span>PROJETOS DO PODER EXECUTIVO</span></b></p>\r\n<p style=\"text-align: justify; \"><span><span><b><span>Projeto de Lei N\u00ba 37/2018 </span></b>\u2013 AUTORIZA O PODER EXECUTIVO MUNICIPAL A FIRMAR CONTRATO DE CESS\u00c3O DE USO GRATUITO DE EQUIPAMENTO DE PROPRIEDADE DO MUNIC\u00cdPIO, E D\u00c1 OUTRAS PROVID\u00caNCIAS<b>. Projeto aprovado por unanimidade.</b></span></span></p>\r\n<p style=\"text-align: justify; \"><span><span><b><span>Projeto de Lei N\u00ba 38/2018 </span></b>\u2013 AUTORIZA O MUNIC\u00cdPIO DE CATU\u00cdPE A REPASSAR O VALOR DE R$ 4.500,00 (QUATRO MIL E QUINHENTOS REAIS) AO CTG TROPEIROS DO RIO BRANCO DE CATU\u00cdPE, ABRE CR\u00c9DITO ESPECIAL, E D\u00c1 OUTRAS PROVID\u00caNCIAS. <b>Projeto aprovado por unanimidade.</b></span></span></p>\r\n<p style=\"text-align: justify; \"><span><span><b><span>Projeto de Lei N\u00ba 39/2018 </span></b>\u2013 CONCEDE ABONO SALARIAL AOS PROFISSIONAIS DA EDUCA\u00c7\u00c3O P\u00daBLICA MUNICIPAL, EM EFETIVO EXERC\u00cdCIO DE SUAS ATIVIDADES, COM RECURSOS DO FUNDEB E MDE. <b>Projeto aprovado por unanimidade.</b></span></span></p>\r\n<p style=\"text-align: justify; \"><span><span><b><span>Projeto de Lei N\u00ba 40/2018 </span></b>\u2013 AUTORIZA O PODER EXECUTIVO ABRIR CR\u00c9DITO SUPLEMENTAR.<b> Projeto aprovado por unanimidade.</b></span></span></p>\r\n<p style=\"text-align: justify; \"><span><span><b><span>Projeto de Lei N\u00ba 41/2018 </span></b>\u2013 ALTERA O ART.1\u00ba DA LEI MUNICIPAL N\u00ba.817/1.990, QUE AUTORIZA O PODER EXECUTIVO A ADQUIRIR UMA \u00c1REA DE TERRAS, E D\u00c1 OUTRAS PROVID\u00caNCIAS.<b> Projeto aprovado por unanimidade.</b></span></span></p>\r\n<p style=\"text-align: justify; \"><span><span><b><span>Projeto de Lei N\u00ba 42/2018 </span></b>\u2013 AUTORIZA O MUNIC\u00cdPIO DE CATU\u00cdPE, A REALIZAR LEIL\u00c3O P\u00daBLICO DOS BENS DE SUA PROPRIEDADE, E D\u00c1 OUTRAS PROVID\u00caNCIAS.<b> Projeto aprovado por unanimidade.</b></span></span></p>\r\n<p style=\"text-align: justify; \"><span><span><b><span>PEDIDOS DO PODER LEGISLATIVO</span></b></span></span></p>\r\n<p style=\"text-align: justify; \"><span><b><span>PEDIDO DE PROVID\u00caNCIA DO VEREADOR PEDRO ITAMAR DE SOUZA (PROGRESSISTA) </span></b><span>Para que a Secretaria Municipal de Obras e o Departamento de Municipal Tr\u00e2nsito institui a Rua Dor\u00e1lio Manoel dos Santos no Bairro S\u00e3o Miguel, rua com m\u00e3o \u00fanica sentido norte/sul e providencie a sinaliza\u00e7\u00e3o da mesma, conforme o mapa em anexo. </span><b><span>Pedido aprovado por seis votos favor\u00e1veis e dois contr\u00e1rios.</span></b></span></p>\r\n<p style=\"text-align: justify; \"><b><span><span><b><span>PEDIDO DE PROVID\u00caNCIA DO VEREADOR OSVALI ROQUE DALLA CORTE (PROGRESSISTA)</span></b></span></span></b> Para que a Secretaria de Municipal de Obras providencie a constru\u00e7\u00e3o de um pontilh\u00e3o em frente \u00e0 resid\u00eancia de Valmor Dalla Corte, na localidade de Santa Tereza. <b><span><span><b><span>Pedido aprovado por unanimidade.</span></b></span></span></b></p>\r\n<p style=\"text-align: justify; \"><b><span><span><b><span>PEDIDO DE INDICA\u00c7\u00c3O DO VEREADOR DEJAIR L\u00c9O FRITZ (PROGRESSISTA) </span></b></span></span></b>Para que o Poder P\u00fablico Municipal, atrav\u00e9s do \u00f3rg\u00e3o competente viabilize estudo, visando a coloca\u00e7\u00e3o de tubula\u00e7\u00e3o e boca de lobos, para melhorar o escoamento pluvial na rua: Os\u00f3rio Ribeiro Nardes, bairro Oper\u00e1rio, desde o numeral 923 at\u00e9 o final daquela rua.<b><span><span><b><span> Pedido aprovado por unanimidade.</span></b></span></span></b></p>\r\n<p style=\"text-align: justify; \"><span>\u00a0<strong>------------------------------------------------------------------------</strong></span></p>\r\n<p style=\"text-align: justify; \"><b>EM 13/11/2018 -\u00a0VIG\u00c9SIMA SEGUNDA (22\u00aa) SESS\u00c3O ORDIN\u00c1RIA DE 2018 E A QUINQUAG\u00c9SIMA QUINTA (55\u00aa) SESS\u00c3O DA LEGISLATURA 2017/2020.</b></p>\r\n<p style=\"text-align: justify; \"><b>PEDIDOS DO PODER LEGISLATIVO</b></p>\r\n<p style=\"text-align: justify; \"><b>PEDIDO DE INDICA\u00c7\u00c3O DO VEREADOR JO\u00c3O CARLOS DALLEPIANE (PDT). </b>Para que a Administra\u00e7\u00e3o P\u00fablica, juntamente com a Secretaria Municipal de Obras e o Departamento de Municipal de Tr\u00e2nsito estude a viabilidade e posterior, implanta\u00e7\u00e3o de placas de sinaliza\u00e7\u00e3o e pintura dos cord\u00f5es conforme a legisla\u00e7\u00e3o pertinente, indicando proibido estacionar em um dos lados da Rua Independ\u00eancia, e a Travessa Luiz Pinto de Azambuja, no Bairro Neves, lado Norte das mesmas conforme demarcado no mapa. Tal mudan\u00e7a se faz necess\u00e1rio para o melhor fluxo de ve\u00edculos e mais seguran\u00e7a para os pedestres. <b>Pedido aprovado por unanimidade.</b></p>\r\n<p style=\"text-align: justify; \"><b>PEDIDO DE INDICA\u00c7\u00c3O DO VEREADOR DEJAIR L\u00c9O FRITZ (PROGRESSISTA). </b>Para que a Secretaria de Obras realize \u201copera\u00e7\u00e3o tapa buracos\u201d na rua: S\u00e3o Miguel, deformidades estas que causam transtornos aos usu\u00e1rios e principalmente aos moradores.<b> Pedido aprovado por unanimidade</b></p>\r\n<p style=\"text-align: justify; \"><b>PEDIDO DE INDICA\u00c7\u00c3O DO VEREADOR DEJAIR L\u00c9O FRITZ (PROGRESSISTA). </b>Para que o Poder Executivo Municipal, atrav\u00e9s da Secretaria Municipal de Obras, realize o patrolamento e encascalhamento, enquanto n\u00e3o for poss\u00edvel a realiza\u00e7\u00e3o de cal\u00e7amento da rua: Vasco da Gama, desde o final do cal\u00e7amento at\u00e9 a rua: Farroupilha, Bairro Neves.<b> Pedido aprovado por unanimidade</b></p>\r\n<p style=\"text-align: justify; \"><b>TAMB\u00c9M ACONTECEU A PRIMEIRA (1\u00aa) SESS\u00c3O DA C\u00c2MARA MIRIM DO ANO DE 2018, ONDE TEVE UM BOM PUBLICO ENTRE PAIS E PROFESSORES PRESTIGIANDO OS ALUNOS DAS ESCOLAS ELEITOS VEREADORES MIRIM POR UM DIA, QUE ASSIM FICOU DEFINIDO:</b></p>\r\n<p style=\"text-align: justify; \"><b>- Presidenta - JULIA DE SOUZA DINKOSKI</b> \u2013 E.E.E.F. Bar\u00e3o do Rio Branco.</p>\r\n<p style=\"text-align: justify; \">- <b>Vice-Presidente </b>- <b>PEDRO ALCIS CASSOL</b>\u2013E.E.E.F. Pe. Marcelino Champagnat.</p>\r\n<p style=\"text-align: justify; \">- <b>Secret\u00e1rio</b> - <b>RAFAEL CADORE DOS SANTOS</b> - E.M.E.F. Ulisses Salazar.</p>\r\n<p style=\"text-align: justify; \">- <b>Vereadora </b>- <b>ANA CAROLINA ALMIRON BAGGIO </b>- E.E.E.F. Bar\u00e3o do Rio Branco.</p>\r\n<p style=\"text-align: justify; \"><b>- Vereador - BRUNO TELLES DOS SANTOS</b> \u2013 E.E.E.F. Eus\u00e9bio de Queir\u00f3s.</p>\r\n<p style=\"text-align: justify; \">- <b>Vereador</b> - <b>JO\u00c3O VICTOR BENETTI FILIPIN</b> \u2013 E.M.E.F. Girassol.</p>\r\n<p style=\"text-align: justify; \">- <b>Vereadora</b> - <b>HELLEN CENTENO DA COSTA</b> - E.M.E.F. Ulisses Salazar.</p>\r\n<p style=\"text-align: justify; \">- <b>Vereador</b> - <b>KERLON LEONARDI HINTERHOLZ</b> - E.M.E.F. Girassol.</p>\r\n<p style=\"text-align: justify; \">- <b>Vereador</b> - <b>JO\u00c3O PEDRO COSTA PALHARIN</b> - E.M.E.F. Girassol.</p>\r\n<p style=\"text-align: justify; \"><b><b>------------------------------------------------------------------------</b></b></p>\r\n<p style=\"text-align: justify; \"><b>EM 06/11/2018 -\u00a0 VIG\u00c9SIMA PRIMEIRA (21\u00aa) SESS\u00c3O ORDIN\u00c1RIA DE 2018 E A QUINQUAG\u00c9SIMA QUARTA (54\u00aa) SESS\u00c3O DA LEGISLATURA 2017/2020.</b></p>\r\n<p style=\"text-align: justify; \"><b>PROJETOS DO PODER EXECUTIVO</b></p>\r\n<p style=\"text-align: justify; \"><b>Projeto de Lei N\u00ba 34/2018 </b>\u2013 ESTIMA A RECEITA E FIXA A DESPESA DO MUNIC\u00cdPIO PARA O EXERC\u00cdCIO DE 2019. <b>Projeto aprovado por unanimidade.</b></p>\r\n<p style=\"text-align: justify; \"><b>Projeto de Lei N\u00ba 35/2018 </b>\u2013 AUTORIZA O PODER EXECUTIVO MUNICIPAL A CONTRATAR PARA NECESSIDADE TEMPOR\u00c1RIA, 02 (DOIS) T\u00c9CNICOS EM ENFERMAGEM, E DA OUTRAS PROVID\u00caNCIAS.<b> Projeto aprovado por unanimidade.</b></p>\r\n<p style=\"text-align: justify; \"><b>Projeto de Lei N\u00ba 36/2018 </b>\u2013 INSTITUI A GRATIFICA\u00c7\u00c3O ESPECIAL PARA O MOTORISTA DO MUNIC\u00cdPIO QUE FOR DESIGNADO PARA EXERCER SUAS FUN\u00c7\u00d5ES, JUNTO AO CONSELHO TUTELAR, E D\u00c1 OUTRAS PROVID\u00caNCIAS. <b>Projeto aprovado por unanimidade.</b></p>\r\n<p style=\"text-align: justify; \"><b>PEDIDOS DO PODER LEGISLATIVO</b></p>\r\n<p style=\"text-align: justify; \"><b>PEDIDO DE INDICA\u00c7\u00c3O DO VEREADOR JOABEL ZIMMERMANN(PDT)</b></p>\r\n<p style=\"text-align: justify; \">Para que a Administra\u00e7\u00e3o P\u00fablica estude a possibilidade de instala\u00e7\u00e3o do sinal de internet livre, junto a Pra\u00e7a da Matriz. <b>Pedido aprovado por unanimidade.<span></span></b></p>\r\n<p style=\"text-align: justify; \"><b>PEDIDO DE INDICA\u00c7\u00c3O DO VEREADOR DEJAIR L\u00c9O FRITZ (PROGRESSISTA)</b></p>\r\n<p style=\"text-align: justify; \">Para que o Poder Executivo Municipal, pleiteie junto a Secretaria de Transportes do Estado/Departamento Aut\u00f4nomo de Estradas de Rodagem constru\u00e7\u00e3o de dois ref\u00fagios (ambos os lados) na ERS342 junto a estrada secund\u00e1ria/entrada do DAER, tendo em vista que quando do acesso ou converg\u00eancia o ve\u00edculo tem que aguardar sobre a pista.<b> Pedido aprovado por unanimidade.<span></span></b></p>\r\n<p style=\"text-align: justify; \"><b>PEDIDO DE PROVID\u00caNCIA DO VEREADOR PEDRO ITAMAR DE SOUZA (PROGRESSISTA)</b></p>\r\n<p style=\"text-align: justify; \"><b>\u00a0</b>Para que a Administra\u00e7\u00e3o Municipal de Catu\u00edpe, atrav\u00e9s da Secretaria Municipal de Obras estude a possibilidade de efetuar o cal\u00e7amento da Rua Valdomiro Medeiros, no Bairro Silva numa extens\u00e3o de 200 metros.<b> Pedido aprovado por unanimidade.<span></span></b></p>\r\n<p style=\"text-align: justify; \"><b>PEDIDO DE PROVID\u00caNCIA DO VEREADOR PEDRO ITAMAR DE SOUZA (PROGRESSISTA)</b></p>\r\n<p style=\"text-align: justify; \">Para que a Administra\u00e7\u00e3o Municipal de Catu\u00edpe, atrav\u00e9s do Departamento Pessoal, forne\u00e7a uma rela\u00e7\u00e3o detalhada de todos os funcion\u00e1rios P\u00fablicos Municipais, referente a cargos e padr\u00e3o de vencimento, fun\u00e7\u00e3o remunerada ou FG , os Cargos de Confian\u00e7a CC e funcion\u00e1rios contratados pelo SEFOR ou pelo CIEE e firma prestadora de servi\u00e7o. E tamb\u00e9m em qual secretaria os mesmos est\u00e3o lotados, reinterando o pedido do vereador Vilson Zaltron at\u00e9 ent\u00e3o n\u00e3o atendido.<b> Pedido aprovado por unanimidade.<span></span></b></p>\r\n<p style=\"text-align: justify; \"><b>PEDIDO DE PROVID\u00caNCIA DO VEREADOR JOEL DOS SANTOS (PDT)</b></p>\r\n<p style=\"text-align: justify; \">Para que a Secretaria de Obras providencie o asfaltamento da Rua Alcindo Luciano de Souza, como tamb\u00e9m da Rua Independ\u00eancia, no Bairro Neves, tendo em vista as m\u00e1s condi\u00e7\u00f5es e para que seja beneficiado o transporte coletivo que circula nas ruas citadas.<b> Pedido aprovado por unanimidade.<span></span></b></p>\r\n<p style=\"text-align: justify; \"><b>PEDIDO DE INFORMA\u00c7\u00c3O DO VEREADOR VILSON ZALTRON (PROGRESSISTA)</b></p>\r\n<p style=\"text-align: justify; \">Para que o Poder P\u00fablico atrav\u00e9s dos \u00f3rg\u00e3os competentes e da Assist\u00eancia Social, nos forne\u00e7a a rela\u00e7\u00e3o de todos os benefici\u00e1rios da Bolsa Fam\u00edlia com o valor recebido por cada benefici\u00e1rio. <b>Pedido aprovado por unanimidade.</b></p>\r\n<p style=\"text-align: justify; \"><b><b><b><b><b><b><b><b><b><b><b>------------------------------------------------------------------------</b></b></b></b></b></b></b></b></b></b></b></p>\r\n<p style=\"text-align: justify; \"><b><b><b><b><b><b><b><b><b><b>EM 23/10/2018 -\u00a0</b></b></b></b></b></b></b></b></b></b><b>VIG\u00c9SIMA (20\u00aa) SESS\u00c3O ORDIN\u00c1RIA DE 2018 E A QUINQUAG\u00c9SIMA TERCEIRA (53\u00aa) SESS\u00c3O DA LEGISLATURA 2017/2020.</b></p>\r\n<p style=\"text-align: justify; \"><b>PROJETO DO PODER EXECUTIVO</b></p>\r\n<p style=\"text-align: justify; \"><b>Projeto de Lei N\u00ba 34/2018 </b>\u2013 ESTIMA A RECEITA E FIXA A DESPESA DO MUNIC\u00cdPIO PARA O EXERC\u00cdCIO DE 2019. <b>Projeto baixado para as comiss\u00f5es.</b></p>\r\n<p style=\"text-align: justify; \"><b>PROJETO DE LEI DO PODER LEGISLATIVO DE AUTORIA DA VEREADORA MARIA TERESA OLIVEIRA DOS SANTOS (PDT)</b></p>\r\n<p style=\"text-align: justify; \"><b>Projeto de Lei N\u00ba 04/2018 </b>\u2013 DECLARA PATRIM\u00d4NIO CULTURAL IMATERIAL DO MUNIC\u00cdPIO DE CATU\u00cdPE O QUILOMBO PASSO DO ARA\u00c7\u00c1, E D\u00c1 OUTRAS PROVID\u00caNCIAS. <b>Projeto aprovado por unanimidade.</b></p>\r\n<p style=\"text-align: justify; \"><b>PEDIDOS DO PODER LEGISLATIVO</b></p>\r\n<p style=\"text-align: justify; \"><b>PEDIDO DE INDICA\u00c7\u00c3O DA VEREADORA MARIA TERESA OLIVEIRA DOS SANTOS (PDT)</b></p>\r\n<p style=\"text-align: justify; \">PARA QUE A ADMINISTRA\u00c7\u00c3O P\u00daBLICA, JUNTAMENTE COM A SECRETARIA MUNICIPAL DE OBRAS PROVIDENCIE O ALARGAMENTO DA ESTRADA QUE D\u00c1 ACESSO A COMUNIDADE QUILOMBOLA NA COMUNIDADE DO ENGENHO VELHO, BEM COMO A COLOCA\u00c7\u00c3O DE TUBOS. <b>Pedido aprovado por unanimidade.</b></p>\r\n<p style=\"text-align: justify; \"><b><b><b><b><b><b><b><b><b><b>-------------------------------------------------------------------------</b></b></b></b></b></b></b></b></b></b></p>\r\n<p style=\"text-align: justify; \"><b><b><b><b><b><b><b><b><b>EM 09/10/2018 - D\u00c9CIMA NONA (19\u00aa) SESS\u00c3O ORDIN\u00c1RIA DE 2018 E A QUINQUAG\u00c9SIMA SEGUNDA (51\u00aa) SESS\u00c3O DA LEGISLATURA 2017/2020</b></b></b></b></b></b></b></b></b></p>\r\n<p><b>PROJETO DO PODER EXECUTIVO</b></p>\r\n<p style=\"text-align: justify; \"><b>Projeto de Lei N\u00ba 33/2018 </b>\u2013 AUTORIZA O PODER EXECUTIVO A ADQUIRIR UMA (01) RETROESCAVADEIRA, RECURSOS LIBERADOS PELO BANCO DO BRASIL, FINANCIAMENTO AUTORIZADO PELA LEI MUNICIPAL N\u00ba.2.064/2018, E DA OUTRAS PROVID\u00caNCIAS. <b>Projeto aprovado por unanimidade.</b></p>\r\n<p style=\"text-align: justify; \"><b><b><b><b><b><b><b><b>-------------------------------------------------------------------------</b></b></b></b></b></b></b></b></p>\r\n<p style=\"text-align: justify; \"><b><b><b><b><b><b><b>EM 02/10/2018 - D\u00c9CIMA OITAVA (18\u00aa) SESS\u00c3O ORDIN\u00c1RIA DE 2018 E A QUINQUAG\u00c9SIMA PRIMEIRA (51\u00aa) SESS\u00c3O DA LEGISLATURA 2017/2020</b></b></b></b></b></b></b></p>\r\n<p style=\"text-align: justify; \"><b>PROJETO DO PODER EXECUTIVO</b></p>\r\n<p style=\"text-align: justify; \"><b>Projeto de Lei N\u00ba 31/2018 </b>\u2013 ALTERA O ANEXO I DA LEI MUNICIPAL N\u00ba.1.874/2014, QUANTO AS ATRIBUI\u00c7\u00d5ES DO CARGO FISCAL, E DA OUTRAS PROVID\u00caNCIAS. \u00a0<b>Projeto aprovado por unanimidade.</b></p>\r\n<p style=\"text-align: justify; \"><b>Projeto de Lei N\u00ba 32/2018 </b>\u2013 CRIA A OUVIDORIA-GERAL DO MUNIC\u00cdPIO DE CATU\u00cdPE, E D\u00c1 OUTRAS PROVID\u00caNCIAS.<b> Projeto aprovado por unanimidade.</b></p>\r\n<p style=\"text-align: justify; \"><b>\u00a0</b><b>PROJETO DE RESOLU\u00c7\u00c3O DO PODER LEGISLATIVO</b></p>\r\n<p style=\"text-align: justify; \"><b>Projeto de Resolu\u00e7\u00e3o N\u00b0 04/2018 Autoria do Presidente Jo\u00e3o Carlos Dallepiane \u2013 </b>DISP\u00d5E SOBRE A CRIA\u00c7\u00c3O DA \u00a8C\u00c2MARA MUNICIPAL MIRIM\u201d NA C\u00c2MARA MUNICIPAL DE CATU\u00cdPE E D\u00c1 OUTRAS PROVID\u00caNCIAS.<b> Projeto aprovado por unanimidade.</b></p>\r\n<p><b><b><b><b><b><b><b>-------------------------------------------------------------------------</b></b></b></b></b></b></b></p>\r\n<p><b><b><b><b><b><b>EM 25/09/2018 - D\u00c9CIMA S\u00c9TIMA (17\u00aa) SESS\u00c3O ORDIN\u00c1RIA DE 2018 E A QUINQUAG\u00c9SIMA (50\u00aa) SESS\u00c3O DA LEGISLATURA 2017/2020</b></b></b></b></b></b></p>\r\n<p><b><b><b><b>PROJETO DO PODER EXECUTIVO</b></b></b></b></p>\r\n<p style=\"text-align: justify; \"><b><b><b><b><span>Projeto de Lei N\u00ba 30/2018 </span></b>\u2013 </b></b></b>AUTORIZA O MUNIC\u00cdPIO DE CATU\u00cdPE A FIRMAR CONV\u00caNIO COM A ASSOCIA\u00c7\u00c3O CASA FAMILIAR RURAL DA REGI\u00c3O DE IJU\u00cd - ACFRI.<b><b><b> \u00a0<b>Projeto aprovado por unanimidade</b></b></b></b></p>\r\n<p><b><b><b><b><b><b>-------------------------------------------------------------------------</b></b></b></b></b></b></p>\r\n<p><b><b><b>EM 11/09/2018 - D\u00c9CIMA SEXTA (16\u00aa) SESS\u00c3O ORDIN\u00c1RIA DE 2018 E A QUADRAG\u00c9SIMA NONA (49\u00aa) SESS\u00c3O DA LEGISLATURA 2017/2020</b></b></b></p>\r\n<p><b>PROJETO DO PODER EXECUTIVO</b></p>\r\n<p style=\"text-align: justify; \"><b>Projeto de Lei N\u00ba 29/2018 </b>\u2013 AUTORIZA O PODER EXECUTIVO A REPASSAR RECURSOS FINANCEIROS \u00c0 CROSSBEER \u2013 GRUPO DE TRILHEIROS DE CATU\u00cdPE \u2013 RS, COM VISTAS \u00c0 REALIZA\u00c7\u00c3O DE 2\u00ba MOTO ENCONTRO CROSSBEER. <b>Projeto aprovado por unanimidade.</b></p>\r\n<p style=\"text-align: justify; \"><b></b><b>PEDIDO DO PODER LEGISLATIVO</b></p>\r\n<p style=\"text-align: justify; \"><b>PEDIDO DE PROVID\u00caNCIA DO VEREADOR VILSON ZALTRON (PROGRESSISTA). </b>Para que o Poder Executivo Municipal, atrav\u00e9s da Secretaria de Obras, providencie com urg\u00eancia o patrolamento e encascalhamento da estrada denominada Linha Norte, na localidade de Pont\u00e3o Santo Ant\u00f4nio, devido \u00e0 precariedade em que se encontra, impossibilitando a retirada de produtos agr\u00edcolas daquela Regi\u00e3o. <b>Pedido aprovado por unanimidade.</b></p>\r\n<p style=\"text-align: justify; \"><b><b><b>-------------------------------------------------------------------------</b></b></b></p>\r\n<p style=\"text-align: justify; \"><b><b>EM 04/09/2018 - D\u00c9CIMA QUINTA (15\u00aa) SESS\u00c3O ORDIN\u00c1RIA DE 2018 E A QUADRAG\u00c9SIMA OITAVA (48\u00aa) SESS\u00c3O DA LEGISLATURA 2017/2020</b></b></p>\r\n<p style=\"text-align: justify; \"><b>PROJETO DO PODER EXECUTIVO</b></p>\r\n<p style=\"text-align: justify; \"><b>Projeto de Lei N\u00ba 28/2018 </b>\u2013 CONVALIDA CRIT\u00c9RIOS PARA A SELE\u00c7\u00c3O DOS BENEFICI\u00c1RIOS DO PROGRAMA MINHA CASA MINHA VIDA. <b>Projeto aprovado por unanimidade.</b></p>\r\n<p style=\"text-align: justify; \"><b>PEDIDOS DO PODER LEGISLATIVO</b><b>\u00a0</b></p>\r\n<p style=\"text-align: justify; \"><b>PEDIDO DE INDICA\u00c7\u00c3O DO VEREADOR JOEL DOS SANTOS (PDT).\u00a0</b>Para que a Administra\u00e7\u00e3o P\u00fablica, atrav\u00e9s da Secretaria Municipal de Obras juntamente com o Departamento Municipal de Tr\u00e2nsito estude a possibilidade de coloca\u00e7\u00e3o de tach\u00f5es para divis\u00e3o da Rua Primeiro de Maio em frente o Gin\u00e1sio de Esportes da Escola Ulisses Salazar no Bairro Neves.<b> Pedido aprovado por unanimidade.</b></p>\r\n<p style=\"text-align: justify; \"><b>PEDIDO DE PROVID\u00caNCIA DO VEREADOR JOEL DOS SANTOS (PDT).\u00a0</b>Para que a Administra\u00e7\u00e3o P\u00fablica, atrav\u00e9s da Secretaria Municipal de Obras juntamente com o Departamento Municipal de Tr\u00e2nsito estude a possibilidade de coloca\u00e7\u00e3o de um quebra molas, na Rua Raul Oliveira no Bairro S\u00e3o Miguel. <b>Pedido aprovado por unanimidade.</b></p>\r\n<p style=\"text-align: justify; \"><b><b>-------------------------------------------------------------------------</b></b></p>\r\n<p style=\"text-align: justify; \"><b>EM 28/08/2018 - D\u00c9CIMA QUARTA (14\u00aa) SESS\u00c3O ORDIN\u00c1RIA DE 2018 E A QUADRAG\u00c9SIMA S\u00c9TIMA (47\u00aa) SESS\u00c3O DA LEGISLATURA 2017/2020.</b></p>\r\n<p style=\"text-align: justify; \"><b>PEDIDOS DO PODER LEGISLATIVO</b></p>\r\n<p style=\"text-align: justify; \"><b>PEDIDO DE PROVID\u00caNCIA DO VEREADOR PEDRO ITAMAR DE SOUZA (PROGRESSISTA).\u00a0</b>Para que a Secretaria Municipal de Obras e o Departamento de Municipal Tr\u00e2nsito estude a possibilidade da coloca\u00e7\u00e3o de um quebra molas ou lombada, na Av. Get\u00falio Vargas no Bairro S\u00e3o Miguel, em frente a Igreja Assembl\u00e9ia de Deus.<b> Pedido aprovado por unanimidade.</b></p>\r\n<p style=\"text-align: justify; \"><b>PEDIDO DE PROVID\u00caNCIA DO VEREADOR PEDRO ITAMAR DE SOUZA (PROGRESSISTA).\u00a0</b>Para que a Secretaria Municipal de Obras realize o cal\u00e7amento de uma distancia de 120 metros na Rua Luis Os\u00f3rio Gewehr no Bairro Santa F\u00e9. <b>Pedido aprovado por unanimidade.</b></p>\r\n<p style=\"text-align: justify; \">\u00a0</p>\r\n<p style=\"text-align: justify; \"><b><b>-------------------------------------------------------------------------</b></b></p>\r\n<p style=\"text-align: justify; \"><b>Em 14/08/2018 - D\u00c9CIMA TERCEIRA (13\u00aa) SESS\u00c3O ORDIN\u00c1RIA DE 2018 E A QUADRAG\u00c9SIMA SEXTA (46\u00aa) SESS\u00c3O DA LEGISLATURA 2017/2020.</b></p>\r\n<p style=\"text-align: justify; \"><b><span>PROJETO APRESENTADO PELO PODER EXECUTIVO.</span></b></p>\r\n<p style=\"text-align: justify; \"><b>Projeto de Lei N\u00ba 26/2018 </b><span>\u2013 DISP\u00d5E SOBRE AS DIRETRIZES OR\u00c7AMENT\u00c1RIAS PARA O EXERC\u00cdCIO FINANCEIRO DE 2019.</span><b> Projeto aprovado por unanimidade.</b></p>\r\n<p style=\"text-align: justify; \"><b></b><b>PEDIDOS DO PODER LEGISLATIVO</b></p>\r\n<p style=\"text-align: justify; \"><b></b><b>PEDIDO DE INDICA\u00c7\u00c3O DO VEREADOR JOABEL ZIMMERMANN (PDT).\u00a0</b>Para que a Administra\u00e7\u00e3o P\u00fablica, juntamente com a Secretaria de Educa\u00e7\u00e3o estude a possibilidade e a viabilidade dentro do permitido, para a instala\u00e7\u00e3o de c\u00e2meras de monitoramento junto as Escolas Municipais de Educa\u00e7\u00e3o Infantil.<b> Pedido aprovado por unanimidade.</b></p>\r\n<p style=\"text-align: justify; \"><b></b><b>PEDIDO DE INDICA\u00c7\u00c3O DO VEREADOR DEJAIR LEO FRITZ (PROGRESSISTA).\u00a0</b>Para que a Secretaria Municipal de Obras Providencie o patrolamento e melhoramento da estrada vicinal que liga a comunidade de Ca\u00e7ador a comunidade de Engenho Velho. <b>Pedido aprovado por unanimidade.</b></p>\r\n<p style=\"text-align: justify; \"><b><strong><strong><strong><strong><strong><strong><strong><strong><strong><b><strong><b>\u00a0</b><b>-------------------------------------------------------------------------</b></strong></b></strong></strong></strong></strong></strong></strong></strong></strong></strong></b></p>\r\n<p style=\"text-align: justify; \"><b>EM 07/08/2018 - D\u00c9CIMA SEGUNDA (12\u00aa) SESS\u00c3O ORDIN\u00c1RIA DE 2018 E A QUADRAG\u00c9SIMA QUINTA (45\u00aa) SESS\u00c3O DA LEGISLATURA 2017/2020.</b></p>\r\n<p style=\"text-align: justify; \"><b><span>PROJETO APRESENTADO PELO PODER EXECUTIVO.</span></b></p>\r\n<p style=\"text-align: justify; \"><b>Projeto de Lei N\u00ba 20/2018 </b><span>\u2013 AUTORIZA O PODER EXECUTIVO MUNICIPAL A CONTRATAR PARA NECESSIDADE TEMPOR\u00c1RIA, DE 01(UM) ENFERMEIRO PARA ESF, E D\u00c1 OUTRAS PROVID\u00caNCIAS. </span><b>Projeto aprovado por unanimidade.</b></p>\r\n<p style=\"text-align: justify; \"><b>Projeto de Lei N\u00ba 21/2018 </b><span>\u2013 AUTORIZA O PODER EXECUTIVO MUNICIPAL A CONTRATAR AT\u00c9 DEZ (10) M\u00c9DICOS, EM CAR\u00c1TER EMERGENCIAL, E D\u00c1 OUTRAS PROVID\u00caNCIAS.</span><b> Projeto aprovado por unanimidade.</b></p>\r\n<p style=\"text-align: justify; \"><b>Projeto de Lei N\u00ba 22/2018 </b><span>\u2013 AUTORIZA O PODER EXECUTIVO MUNICIPAL A CONTRATAR OPERA\u00c7\u00d5ES DE CR\u00c9DITO COM O BADESUL DESENVOLVIMENTO S.A. \u2013 AG\u00caNCIA DE FOMENTO/RS PARA OBRAS DE INFRA-ESTRUTURA URBANA, PAVIMENTA\u00c7\u00c3O E RECAPAGEM ASF\u00c1LTICA DE DIVERSAS RUAS, E D\u00c1 OUTRAS PROVID\u00caNCIAS.</span><b> Projeto aprovado por unanimidade.</b></p>\r\n<p style=\"text-align: justify; \"><b>Projeto de Lei N\u00ba 23/2018 </b><span>\u2013 AUTORIZA O PODER EXECUTIVO MUNICIPAL A CELEBRAR CONV\u00caNIO COM O MUNIC\u00cdPIO DE IJUI \u2013 PODER EXECUTIVO PARA DISPONIBILIDADE E EFETIVA PRESTA\u00c7\u00c3O DE ATENDIMENTO M\u00d3VEL DE URG\u00caNCIA E EMERG\u00caNCIA CONFORME O PROGRAMA SALVAR/SAMU, MEDIANTE CORRESPONDENTE REMUNERA\u00c7\u00c3O, E D\u00c1 OUTRAS PROVID\u00caNCIAS.</span><b> Projeto aprovado por unanimidade.</b></p>\r\n<p style=\"text-align: justify; \"><b>Projeto de Lei N\u00ba 24/2018 </b><span>\u2013 ALTERA O ART. 2\u00ba DA LEI MUNICIPAL N\u00b0. 2.031/2017, QUE CONCEDE ABONO PARA OS SERVIDORES LOTADOS NA SECRETARIA MUNICIPAL DE SA\u00daDE, DO PROGRAMA NACIONAL DE MELHORIA DO ACESSO E DA QUALIDADE DA ATEN\u00c7\u00c3O B\u00c1SICA \u2013 PMAQ, E D\u00c1 OUTRAS PROVID\u00caNCIAS. </span><b>Projeto aprovado por unanimidade.</b></p>\r\n<p style=\"text-align: justify; \"><b>Projeto de Lei N\u00ba 25/2018 </b><span>\u2013 ALTERA O ART.1\u00ba DA LEI MUNICIPAL N\u00ba. 2.064/2018, QUE AUTORIZA O PODER EXECUTIVO A CONTRATAR OPERA\u00c7\u00c3O DE CR\u00c9DITO COM O BANCO DO BRASIL S.A., E D\u00c1 OUTRAS PROVID\u00caNCIAS.</span><b> Projeto aprovado por unanimidade.</b></p>\r\n<p style=\"text-align: justify; \"><strong>Proj</strong><b>eto de Lei N\u00ba 26/2018 </b><span>\u2013 DISP\u00d5E SOBRE AS DIRETRIZES OR\u00c7AMENT\u00c1RIAS PARA O EXERC\u00cdCIO FINANCEIRO DE 2019.</span><b> Projeto baixado para as comiss\u00f5es.</b></p>\r\n<p style=\"text-align: justify; \"><b>Projeto de Lei N\u00ba 27/2018 </b><span>\u2013 ABRE CR\u00c9DITO ESPECIAL. </span><b>Projeto aprovado por unanimidade.</b></p>\r\n<p style=\"text-align: justify; \">\u00a0</p>\r\n<p style=\"text-align: justify; \"><b>PEDIDOS DO PODER LEGISLATIVO</b></p>\r\n<p style=\"text-align: justify; \"><b>PEDIDO DE INDICA\u00c7\u00c3O DO VEREADOR JOABEL ZIMMERMANN (PDT).\u00a0</b>Para que a Administra\u00e7\u00e3o P\u00fablica, atrav\u00e9s da Secretaria de Municipal de Obras juntamente com o Departamento Municipal de Tr\u00e2nsito e o Setor de Engenharia, em um determinado momento, dentro de uma programa\u00e7\u00e3o, uma necessidade ou uma altera\u00e7\u00e3o de nome de rua em nossa cidade, estude a possibilidade como nome sugestivo para identifica\u00e7\u00e3o de rua o nome do ent\u00e3o j\u00e1 falecido JOS\u00c9 CANDOTTI. Pedido este \u00e9 feito por familiares em homenagem a pessoa do Senhor Jos\u00e9 por seu hist\u00f3rico, pela contribui\u00e7\u00e3o e trabalho da sua pessoa, desde a emancipa\u00e7\u00e3o, bem como no desenvolvimento de nosso munic\u00edpio. O mesmo foi um dos colonizadores, integrou a Comiss\u00e3o de Emancipa\u00e7\u00e3o de Catu\u00edpe e foi um dos Fundadores do Clube Comercial como Presidente e integrante do Rotary Clube. Na sua atividade no Ramo Moveleiro, foi ex\u00edmio conhecedor de madeiras e assim auxiliou na constru\u00e7\u00e3o da 1\u00aa Igreja Cat\u00f3lica do munic\u00edpio e na constru\u00e7\u00e3o do Col\u00e9gio das Irm\u00e3s. <b>Pedido aprovado por unanimidade.</b></p>\r\n<p style=\"text-align: justify; \"><b>PEDIDO DE PROVID\u00caNCIA DO VEREADOR PEDRO ITAMAR DE SOUZA (PROGRESSISTA).\u00a0</b>Para que a Secretaria Municipal de Obras e o Departamento Municipal Tr\u00e2nsito estude a possibilidade e a viabilidade de um redutor de velocidade na Rua Luiz Os\u00f3rio Gewer, em frente ao Posto de Sa\u00fade do Bairro Neves.<b> Pedido aprovado por unanimidade.</b>\u00a0</p>\r\n<p style=\"text-align: justify; \"><b><b>PEDIDO DE PROVID\u00caNCIA DO VEREADOR</b>\u00a0PEDRO ITAMAR DE SOUZA (PROGRESSISTA).\u00a0</b>Para que a Secretaria Municipal de Obras e o Departamento Municipal Tr\u00e2nsito estude a possibilidade e a viabilidade de mudan\u00e7a de sentido nas Ruas Travessa Luiz Pinto de Azambuja e a Rua Independ\u00eancia. Sentido \u00fanico para ambas, uma vez que as mesmas tem pouca largura, dificultando o fluxo normal no tr\u00e2nsito de ve\u00edculos em ambos os sentidos.\u00a0<b>Pedido aprovado por unanimidade.</b></p>\r\n<p style=\"text-align: justify; \"><strong><strong><strong><strong><strong><strong><strong><strong><strong><b><strong><b>\u00a0</b><b>-------------------------------------------------------------------------</b></strong></b></strong></strong></strong></strong></strong></strong></strong></strong></strong></p>\r\n<p style=\"text-align: justify; \"><strong><strong><strong><strong><strong><strong><strong><strong><strong><b><strong>EM 26/06/2018 -\u00a0</strong>D\u00c9CIMA PRIMEIRA (11\u00aa) SESS\u00c3O ORDIN\u00c1RIA DE 2018 E A QUADRAG\u00c9SIMA QUARTA (44\u00aa) SESS\u00c3O DA LEGISLATURA 2017/2020.</b></strong></strong></strong></strong></strong></strong></strong></strong></strong></p>\r\n<p><b><span>PROJETO APRESENTADO PELO PODER EXECUTIVO.</span></b></p>\r\n<p style=\"text-align: justify; \"><b>Projeto de Lei N\u00ba 19/2018 </b><span>\u2013 AUTORIZA O MUNIC\u00cdPIO DE CATU\u00cdPE, A REALIZAR LEIL\u00c3O P\u00daBLICO DOS BENS DE SUA PROPRIEDADE, E D\u00c1 OUTRAS PROVID\u00caNCIAS. </span><b>Projeto aprovado por unanimidade.</b></p>\r\n<p>\u00a0<b>\u00a0</b><b><strong><strong>-------------------------------------------------------------------------</strong></strong></b></p>\r\n<p><b><strong>EM 12/06/2018 -\u00a0</strong>D\u00c9CIMA (10\u00aa) SESS\u00c3O ORDIN\u00c1RIA DE 2018 E A QUADRAG\u00c9SIMA TERCEIRA (43\u00aa) SESS\u00c3O DA LEGISLATURA 2017/2020.</b></p>\r\n<p><b><span>PROJETO APRESENTADO PELO PODER EXECUTIVO.</span></b></p>\r\n<p style=\"text-align: justify; \"><b><span>\u00a0</span></b><b>Projeto de Lei N\u00ba 18/2018 </b><span>\u2013 INSTITUI E DISCIPLINA O PLANO DE PAVIMENTA\u00c7\u00c3O COMUNIT\u00c1RIA PARA EXECU\u00c7\u00c3O DE OBRAS E SERVI\u00c7OS DE MELHORIA DE VIAS URBANAS NA LOCALIDADE DE COL\u00d4NIA DAS ALMAS, E DISP\u00d5E SOBRE SUA EXECU\u00c7\u00c3O, E D\u00c1 OUTRAS PROVID\u00caNCIAS. </span><b>Projeto aprovado por unanimidade.</b></p>\r\n<p>\u00a0<strong style=\"text-align: justify; \"><strong><strong><strong><strong><strong><strong><strong><strong><b>PROJETO APRESENTADO PELO PODER LEGISLATIVO.</b></strong></strong></strong></strong></strong></strong></strong></strong></strong></p>\r\n<p style=\"text-align: justify; \"><b><span>Projeto de Decreto Legislativo N\u00ba02/2018</span> \u2013 </b>APROVA AS CONTAS DO MUNIC\u00cdPIO DE CATU\u00cdPE/RS, RELATIVAS AO EXERC\u00cdCIO DE 2016. <b>Projeto aprovado por cinco votos favor\u00e1veis e quatro votos contr\u00e1rios.</b></p>\r\n<p style=\"text-align: justify; \"><strong><strong><strong><strong><strong><strong><strong><strong><strong><b>PEDIDOS APRESENTADOS PELO PODER LEGISLATIVO.</b></strong></strong></strong></strong></strong></strong></strong></strong></strong></p>\r\n<p style=\"text-align: justify; \"><b><b>PEDIDO DE PROVID\u00caNCIA DO VEREADOR PEDRO ITAMAR DE SOUZA (PROGRESSISTA)</b>.</b> Para que a Secretaria Municipal de Obras providencie o encascalhamento na localidade de Col\u00f4nia das Almas, na propriedade do senhor Claudir Cadore. O mesmo \u00e9 produtor de leite e precisa de cascalho no est\u00e1bulo onde os animais ficam alojados. O mesmo possui mais de 40 animais em lacta\u00e7\u00e3o. <b>Pedido aprovado por unanimidade.</b></p>\r\n<p style=\"text-align: justify; \"><b>\u00a0</b><b>PEDIDO DE PROVID\u00caNCIA DO VEREADOR PEDRO ITAMAR DE SOUZA (PROGRESSISTA).\u00a0</b><span>Para que a Secretaria Municipal de Obras providencie o encascalhamento na localidade de Monte Alegre, na estrada que d\u00e1 acesso a propriedade do senhor Egon Wiegert, Walter de Almeida e Valdemar Haisk. Aproximadamente 100 metros. </span><b>Pedido aprovado por unanimidade.</b></p>\r\n<p style=\"text-align: justify; \"><strong><strong><strong><strong><strong><strong><strong><strong><strong><strong>--------------------------------------------------------------------------</strong></strong></strong></strong></strong></strong></strong></strong></strong></strong></p>\r\n<p style=\"text-align: justify; \"><strong><strong><strong><strong><strong><strong><strong><strong><strong>EM 05/06/2018 -\u00a0</strong></strong></strong></strong></strong></strong></strong></strong></strong><b>NONA (09\u00aa) SESS\u00c3O ORDIN\u00c1RIA DE 2018 E A QUADRAG\u00c9SIMA SEGUNDA (42\u00aa) SESS\u00c3O DA LEGISLATURA 2017/2020.</b></p>\r\n<p style=\"text-align: justify; \"><b><strong>PROJETO APRESENTADO PELO PODER EXECUTIVO.</strong></b></p>\r\n<p style=\"text-align: justify; \"><b><span>Projeto de Lei N\u00ba 17/2018 </span></b>\u2013 AUTORIZA O PODER EXECUTIVO A CONTRATAR OPERA\u00c7\u00c3O DE CR\u00c9DITO COM O BANCO DO BRASIL S.A., E D\u00c1 OUTRAS PROVID\u00caNCIAS. <b>Projeto aprovado por unanimidade.</b><b></b></p>\r\n<p style=\"text-align: justify; \"><b><b>PROJETOS APRESENTADOS PELO PODER LEGISLATIVO.</b></b></p>\r\n<p style=\"text-align: justify; \"><b><span>Projeto de Decreto Legislativo N\u00ba 02/2018</span> \u2013 </b>APROVA AS CONTAS DO MUNIC\u00cdPIO DE CATU\u00cdPE/RS, RELATIVAS AO EXERC\u00cdCIO DE 2016. <b>Projeto baixado para as comiss\u00f5es.</b></p>\r\n<p style=\"text-align: justify; \"><b>Projeto de Lei N\u00ba 03/2018 DE AUTORIA DO VEREADOR DEJAIR LEO FRITZ \u2013 </b><span>INSTITUI O DIA 23 DE FEVEREIRO COMO DIA MUNICIPAL DO ROTARY CLUB, E D\u00c1 OUTRAS PROVID\u00caNCIAS.</span><b> Projeto aprovado por unanimidade.</b></p>\r\n<p style=\"text-align: justify; \"><b><b>PEDIDOS APRESENTADOS PELO PODER LEGISLATIVO.</b></b></p>\r\n<p style=\"text-align: justify; \"><b>PEDIDO DE PROVID\u00caNCIA DO VEREADOR JOABEL ZIMMERMANN (PDT). </b>Para que a Secretaria de Municipal de Obras juntamente com o Departamento Municipal de Tr\u00e2nsito estude a possibilidade, a melhor localiza\u00e7\u00e3o e providencie a coloca\u00e7\u00e3o de um redutor de velocidade, bem como placas de sinaliza\u00e7\u00e3o na Rua S\u00e3o Borja, entre as ruas Coronel Bicaco e a Rua Pedro Zimmermann. Pedido este se faz mediante a in\u00fameros reclames de moradores pr\u00f3ximo a rua, que devido a alta velocidade com que os ve\u00edculos transitam na mesma exp\u00f5e os usu\u00e1rios ao risco de acidentes. <b>Pedido aprovado por unanimidade.<span></span></b></p>\r\n<p style=\"text-align: justify; \"><b>PEDIDO DE PROVID\u00caNCIA DO VEREADOR VILSON ZANTRON (PROGRESSISTA). </b><span>Para que a Secretaria Municipal de Obras providencie o encascalhamento da estrada de acesso a resid\u00eancia do senhor Algemiro Taborda, na comunidade do Rinc\u00e3o das Ac\u00e1cias, tendo em vista a necessidade de acesso de ambul\u00e2ncia devido a problema de sa\u00fade com membro da fam\u00edlia.</span><b> Pedido aprovado por unanimidade.</b></p>\r\n<p style=\"text-align: justify; \"><b>PEDIDO DE INDICA\u00c7\u00c3O DO VEREADOR DEJAIR L\u00c9O FRITZ (PROGRESSISTA). </b><span>Para que a Secretaria Municipal de Obras providencie o encascalhamento de cerca de 200 metros(partes) das\u00a0 ruas: Garibaldi Coracini, Luis Schiavo e S\u00e3o Luis localizadas no Bairro Santa Rosa. </span><b>Pedido aprovado por unanimidade.</b></p>\r\n<p style=\"text-align: justify; \"><strong><strong><strong><strong><strong><strong><strong><strong><strong>--------------------------------------------------------------------------</strong></strong></strong></strong></strong></strong></strong></strong></strong></p>\r\n<p style=\"text-align: justify; \"><strong><strong><strong><strong><strong><strong><strong><strong>EM 31/05/2018 -\u00a0<b>PRIMEIRA (01\u00aa) SESS\u00c3O EXTRAORDIN\u00c1RIA DE 2018 E A QUADRAG\u00c9SIMA PRIMEIRA (41\u00aa) SESS\u00c3O DA LEGISLATURA 2017/2020.</b></strong></strong></strong></strong></strong></strong></strong></strong></p>\r\n<p style=\"text-align: justify; \"><strong><strong><strong><strong><strong><strong><strong><strong><b><b>PROJETO APRESENTADO PELO PODER EXECUTIVO.</b></b></strong></strong></strong></strong></strong></strong></strong></strong></p>\r\n<p style=\"text-align: justify; \"><b><span>Projeto de Lei N\u00ba 16/2018 </span></b>\u2013 AUTORIZA O PODER EXECUTIVO REPASSAR RECURSOS FINANCEIROS \u00c0 ASSOCIA\u00c7\u00c3O COMERCIAL E INDUSTRIAL DE CATU\u00cdPE \u2013 ACIC, COM VISTAS \u00c0 REALIZA\u00c7\u00c3O DA XII FEICAT. <b>Projeto aprovado por unanimidade.</b></p>\r\n<p style=\"text-align: justify; \"><strong><strong><strong><strong><strong><strong><strong><strong>--------------------------------------------------------------------------</strong></strong></strong></strong></strong></strong></strong></strong></p>\r\n<p style=\"text-align: justify; \"><strong><strong><strong><strong><strong><strong><strong>EM 22/05/2018 -\u00a0</strong></strong></strong></strong></strong></strong></strong><b>OITAVA (08\u00aa) SESS\u00c3O ORDIN\u00c1RIA DE 2018 E A QUADRAG\u00c9SIMA (40\u00aa) SESS\u00c3O DA LEGISLATURA 2017/2020.</b></p>\r\n<p style=\"text-align: justify; \"><b><b>PEDIDO APRESENTADO PELO PODER LEGISLATIVO.</b></b></p>\r\n<p style=\"text-align: justify; \"><b>PEDIDO DE PROVID\u00caNCIA DO VEREADOR OSVALI ROQUE DALLA CORTE (PROGRESSISTA).\u00a0\u00a0</b><span>Para que a Secretaria Municipal de Obras providencie a constru\u00e7\u00e3o de um abrigo (parada de \u00f4nibus) na estrada principal da Localidade de Santa Tereza, esquina que d\u00e1 acesso ao Rinc\u00e3o dos Dambr\u00f3s. </span><b>Pedido aprovado por unanimidade.</b></p>\r\n<p style=\"text-align: justify; \"><strong><strong><strong><strong><strong><strong><strong>--------------------------------------------------------------------------</strong></strong></strong></strong></strong></strong></strong></p>\r\n<p style=\"text-align: justify; \"><strong><strong><strong><strong><strong><strong>EM 08/05/2018 -\u00a0</strong></strong></strong></strong></strong></strong><b>S\u00c9TIMA (07\u00aa) SESS\u00c3O ORDIN\u00c1RIA DE 2018 E A TRIG\u00c9SIMA NONA (39\u00aa) SESS\u00c3O DA LEGISLATURA 2017/2020.</b></p>\r\n<p style=\"text-align: justify; \"><b><b>PROJETO APRESENTADO PELO PODER EXECUTIVO.</b></b></p>\r\n<p style=\"text-align: justify; \"><b><span>Projeto de Lei N\u00ba 15/2018 </span></b>\u2013 AUTORIZA O MUNIC\u00cdPIO A OUTORGAR CONCESS\u00c3O DE USO, POR CHAMAMENTO P\u00daBLICO, PARA REFORMA E MANUTEN\u00c7\u00c3O DA ESTRUTURA MET\u00c1LICA \u201cTORRE MULTICANAL\u201d, DE 39 METROS DE ALTURA, PR\u00c9DIO DE ALVENARIA E PARTE DO TERRENO, NA RUA GET\u00daLIO VARGAS, S/N\u00ba, PARA INSTALA\u00c7\u00c3O DE EQUIPAMENTOS DE TELECOMUNICA\u00c7\u00d5ES E D\u00c1 OUTRAS PROVID\u00caNCIAS. <b>Projeto Aprovado por cinco votos favor\u00e1veis e quatro votos contr\u00e1rios.</b></p>\r\n<p style=\"text-align: justify; \"><b><b>PEDIDO APRESENTADO PELO PODER LEGISLATIVO.</b></b></p>\r\n<p style=\"text-align: justify; \"><b>PEDIDO DE INDICA\u00c7\u00c3O DO VEREADOR DEJAIR L\u00c9O FRITZ (PROGRESSISTA).\u00a0</b><span>Para que a Secretaria Municipal de Obras providencie o encascalhamento por cerca de 200 metros na estrada de acesso ao Rinc\u00e3o dos Alem\u00e3es desde o entroncamento at\u00e9 a entrada da resid\u00eancia do Sr. Ervino Arnold. </span><b>Pedido aprovado por unanimidade.</b></p>\r\n<p style=\"text-align: justify; \"><strong><strong><strong><strong><strong><strong><strong>--------------------------------------------------------------------------</strong></strong></strong></strong></strong></strong></strong></p>\r\n<p style=\"text-align: justify; \"><strong><strong><strong><strong><strong><strong>EM 24/04/2018 - SEXTA</strong><b>\u00a0(06\u00aa) SESS\u00c3O ORDIN\u00c1RIA DE 2018 E A TRIG\u00c9SIMA S\u00c9TIMA (38\u00aa) SESS\u00c3O DA LEGISLATURA 2017/2020.</b></strong></strong></strong></strong></strong></p>\r\n<p style=\"text-align: justify; \"><b><strong>PROJETO APRESENTADO PELO PODER EXECUTIVO.</strong></b></p>\r\n<p style=\"text-align: justify; \"><b>Projeto de Lei N\u00ba 14/2018 </b><span>\u2013 AUTORIZA O PODER EXECUTIVO MUNICIPAL A CONTRATAR EM CAR\u00c1TER TEMPOR\u00c1RIO SERVIDOR PARA A FUN\u00c7\u00c3O DE AGENTE COMUNIT\u00c1RIO DE SA\u00daDE, E D\u00c1 OUTRAS PROVID\u00caNCIAS.\u00a0<b>\u00a0Projeto aprovado por unanimidade.</b></span></p>\r\n<p style=\"text-align: justify; \"><span></span><strong><strong><strong><strong><strong>--------------------------------------------------------------------------</strong></strong></strong></strong></strong></p>\r\n<p style=\"text-align: justify; \"><strong><strong><strong><strong>EM 10/04/2018 -\u00a0</strong></strong></strong></strong><b>QUINTA (05\u00aa) SESS\u00c3O ORDIN\u00c1RIA DE 2018 E A TRIG\u00c9SIMA S\u00c9TIMA (37\u00aa) SESS\u00c3O DA LEGISLATURA 2017/2020.</b></p>\r\n<p style=\"text-align: justify; \"><b><strong>PROJETO APRESENTADO PELO PODER LEGISLATIVO.</strong></b></p>\r\n<p style=\"text-align: justify; \"><b><span>Projeto de Lei N\u00ba 01/2018 </span></b>\u2013 AUTORIZA O PODER LEGISLATIVO MUNICIPAL A CONTRATAR PARA NECESSIDADE TEMPOR\u00c1RIA, 01 (UM) T\u00c9CNICO LEGISLATIVO, E D\u00c1 OUTRAS PROVID\u00caNCIAS.<b> Projeto aprovado por sete votos favor\u00e1veis e um voto contr\u00e1rio.</b></p>\r\n<p style=\"text-align: justify; \"><b><strong><strong>PEDIDO APRESENTADO PELO PODER LEGISLATIVO.</strong></strong></b></p>\r\n<p style=\"text-align: justify; \"><b>Pedido de Provid\u00eancia do Vereador Pedro Itamar de Souza (PROGRESSISTA).\u00a0</b><span>Para que a Secretaria de Sa\u00fade e Assist\u00eancia Social estude a possibilidade da aquisi\u00e7\u00e3o de tr\u00eas camas hospitalares para atender a necessidade de pessoas acamadas em suas resid\u00eancias em nossa comunidade, para uma melhor qualidade de vida. </span><b>Pedido aprovado por unanimidade.</b></p>\r\n<p style=\"text-align: justify; \"><strong><strong><strong>--------------------------------------------------------------------------</strong></strong></strong></p>\r\n<p style=\"text-align: justify; \"><strong><strong>EM 03/04/2018 -\u00a0</strong></strong><b>QUARTA (04\u00aa) SESS\u00c3O ORDIN\u00c1RIA DE 2018 E A TRIG\u00c9SIMA SEXTA (36\u00aa) SESS\u00c3O DA LEGISLATURA 2017/2020.</b></p>\r\n<p style=\"text-align: justify; \"><strong><strong>PROJETO APRESENTADO PELO PODER EXECUTIVO.</strong></strong></p>\r\n<p style=\"text-align: justify; \"><b><span>Projeto de Lei N\u00ba 13/2018 </span></b>\u2013<b> </b>INCLUI ATIVIDADE NO PPA 2018/2021, NA LDO 2018 E AUTORIZA O PODER EXECUTIVO ABRIR CR\u00c9DITO ESPECIAL.<b> Projeto aprovado por unanimidade.</b></p>\r\n<p style=\"text-align: justify; \"><strong><strong>--------------------------------------------------------------------------</strong></strong></p>\r\n<p style=\"text-align: justify; \"><strong>EM 27/03/2018 - TERCEIRA (03\u00aa) SESS\u00c3O ORDIN\u00c1RIA DE 2018 E A TRIG\u00c9SIMA QUINTA (35\u00aa) SESS\u00c3O DA LEGISLATURA 2017/2020.</strong></p>\r\n<p style=\"text-align: justify; \"><strong><span>PROJETOS APRESENTADOS PELO PODER EXECUTIVO.</span></strong></p>\r\n<p style=\"text-align: justify; \"><strong><span>Projeto de Lei N\u00ba 09/2018\u00a0</span></strong>\u2013FIXA EM TR\u00caS POR CENTO (3,00%) O \u00cdNDICE DE REVIS\u00c3O GERAL ANUAL ESTABELECIDO PELA LEI MUNICIPAL N\u00ba 1.326/2004, PARA O ANO DE 2018, A SER APLICADO NO M\u00caS DE MAR\u00c7O, AOS SERVIDORES P\u00daBLICOS MUNICIPAIS E MAGIST\u00c9RIO P\u00daBLICO MUNICIPAL, E D\u00c1 OUTRAS PROVID\u00caNCIAS.\u00a0<strong>Projeto aprovado por unanimidade.</strong></p>\r\n<p style=\"text-align: justify; \"><strong><span>Projeto de Lei N\u00ba10/2018\u00a0</span></strong>\u2013 D\u00c1 NOVA REDA\u00c7\u00c3O AO ART.3\u00b0 DA LEI MUNICIPAL N\u00ba.1.119/98 ALTERADO PELAS LEIS MUNICIPAIS N\u00ba. 1.203/2000; 1.368/2005; 1.410/2006 E 1.931/2015, QUE DISP\u00d5E SOBRE A CONCESS\u00c3O DE VALE ALIMENTA\u00c7\u00c3O AOS SERVIDORES DA PREFEITURA MUNICIPAL, E D\u00c1 OUTRAS PROVID\u00caNCIAS.<strong>Projeto aprovado por unanimidade.</strong></p>\r\n<p style=\"text-align: justify; \"><strong><span>Projeto de Lei N\u00ba 11/2018\u00a0</span></strong>\u2013 AUTORIZA AO PODER EXECUTIVO MUNICIPAL A FIRMAR CONTRATO DE CESS\u00c3O DE USO GRATU\u00cdTO TRATOR AGRALE A ASSOCIA\u00c7\u00c3O CASA FAMILIAR RURAL DA REGI\u00c3O DE IJUI \u2013 ACFRI, E D\u00c1 OUTRAS PROVID\u00caNCIAS.<strong>Projeto aprovado por unanimidade.</strong></p>\r\n<p style=\"text-align: justify; \"><strong><span>Projeto de Lei N\u00ba12/2018\u00a0</span></strong>\u2013 AUTORIZA O MUNIC\u00cdPIO DE CATU\u00cdPE, A REALIZAR LEIL\u00c3O P\u00daBLICO OU DAR EM DA\u00c7\u00c3O DE PAGAMENTO OS BENS DE SUA PROPRIEDADE E D\u00c1 OUTRAS PROVID\u00caNCIAS.<strong>Projeto aprovado por unanimidade.</strong></p>\r\n<p style=\"text-align: justify; \"><strong>--------------------------------------------------------------------------</strong></p>\r\n<p style=\"text-align: justify; \"><strong>EM 13/03/2018 - SEGUNDA (02\u00aa) SESS\u00c3O ORDIN\u00c1RIA DE 2018 E A TRIG\u00c9SIMA QUARTA (34\u00aa) SESS\u00c3O DA LEGISLATURA 2017/2020.</strong></p>\r\n<p style=\"text-align: justify; \"><strong><span>PEDIDO APRESENTADO PELO PODER LEGISLATIVO.</span></strong></p>\r\n<p style=\"text-align: justify; \"><strong>Pedido de indica\u00e7\u00e3o do vereador Dejair Leo Fritz (PROGRESSISTA).</strong>Para que o Poder Executivo Municipal, atrav\u00e9s do \u00f3rg\u00e3o competente estude a possibilidade de construir uma academia ao ar livre na Comunidade de Lagoa dos Patos.\u00a0<strong>Pedido aprovado por unanimidade.\u00a0</strong></p>\r\n<p style=\"text-align: justify; \"><strong><span>-------------------------------------------------------------------------</span></strong></p>\r\n<p style=\"text-align: justify; \"><strong><span><b>EM 06/03/2018 - PRIMEIRA (1\u00aa) SESS\u00c3O ORDIN\u00c1RIA DE 2018 E A TRIG\u00c9SIMA TERCEIRA (33\u00aa) SESS\u00c3O DA LEGISLATURA 2017/2020.</b></span></strong></p>\r\n<p style=\"text-align: justify; \"><strong><span>PROJETOS APRESENTADOS PELO PODER EXECUTIVO.</span></strong></p>\r\n<p style=\"text-align: justify; \"><strong><span>Projeto de Lei N\u00ba 01/2018\u00a0</span></strong><strong>\u2013\u00a0</strong>AUTORIZA O PODER EXECUTIVO A ALIENAR BENS IM\u00d3VEIS URBANOS DO LOTEMANETO BAIRRO NEVES, SITUADO NA TRAVESSA FARROUPILHA DESTINADOS \u00c1 CONSTRU\u00c7\u00c3O DE UNIDADES HABITACIONAIS E D\u00c1 OUTRAS PROVID\u00caNCIAS.<strong>Projeto aprovado por unanimidade.</strong></p>\r\n<p style=\"text-align: justify; \"><strong><span>Projeto de Lei N\u00ba 02/2018\u00a0</span></strong><strong>\u2013\u00a0</strong>DISP\u00d5E SOBRE O PARCELAMENTO E DA\u00c7\u00c3O EM PAGAMENTO DE D\u00c9BITOS TRIBUT\u00c1RIOS E N\u00c3O TRIBUT\u00c1RIOS COM O MUNIC\u00cdPIO DE CATU\u00cdPE E D\u00c1 OUTRAS PROVID\u00caNCIAS.\u00a0<strong>Projeto aprovado por unanimidade.</strong></p>\r\n<p style=\"text-align: justify; \"><strong><span>Projeto de Lei N\u00ba 03/2018\u00a0</span></strong>\u2013 INCLUI ATIVIDADE NO PPA 2018/2021, NA LDO 2018 E AUTORIZA O PODER EXECUTIVO ABRIR CR\u00c9DITO ESPECIAL.<strong>Projeto aprovado por unanimidade.</strong></p>\r\n<p style=\"text-align: justify; \"><strong><span>Projeto de Lei N\u00ba 04/2018\u00a0</span></strong>\u2013 ALTERA E DA NOVA REDA\u00c7\u00c3O AO ART. 2<span>\u00ba</span>\u00a0DA LEI MUNICIPAL N<span>\u00ba</span>\u00a02047/2017, E D\u00c1 OUTRAS PROVID\u00caNCIAS.<strong>Projeto aprovado por unanimidade.</strong></p>\r\n<p style=\"text-align: justify; \"><strong><span>Projeto de Lei N\u00ba 05/2018\u00a0</span></strong>\u2013 AUTORIZA O MUNIC\u00cdPIO DE CATU\u00cdPE, A REALIZAR LEIL\u00c3O P\u00daBLICO OU DAR EM DA\u00c7\u00c3O DE PAGAMENTO OS BENS DE SUA PROPRIEDADE, E D\u00c1 OUTRAS PROVID\u00caNCIAS.\u00a0<strong>Projeto baixado para as comiss\u00f5es.</strong></p>\r\n<p style=\"text-align: justify; \"><strong><span>Projeto de Lei N\u00ba 06/2018\u00a0</span></strong>\u2013 REGULAMENTA A GEST\u00c3O DEMOCR\u00c1TICA DO ENSINO P\u00daBLICO NO \u00c2MBITO DAS ESCOLAS P\u00daBLICAS MUNICIPAIS DE CATU\u00cdPE.\u00a0<strong>Projeto aprovado por unanimidade.</strong></p>\r\n<p style=\"text-align: justify; \"><strong><span>Projeto de Lei N\u00ba 07/2018\u00a0</span></strong>\u2013AUTORIZA O PODER EXECUTIVO MUNICIPAL A FIRMAR CONV\u00caNIO COM A ASSOCIA\u00c7\u00c3O FILANTR\u00d3PICA MONTE MORIA - AFIMM, E D\u00c1 OUTRAS PROVID\u00caNCIAS.\u00a0<strong>Projeto aprovado por unanimidade.</strong></p>\r\n<p style=\"text-align: justify; \"><strong><span>Projeto de Lei N\u00ba 08/2018\u00a0</span></strong>\u2013INCLUI ATIVIDADE NO PPA 2018/2021, NA LDO 2018 E AUTORIZA O PODER EXECUTIVO ABRIR CR\u00c9DITO ESPECIAL.<strong>Projeto aprovado por unanimidade.</strong></p>\r\n<p style=\"text-align: justify; \"><strong><span>PEDIDOS APRESENTADOS PELO PODER LEGISLATIVO.</span></strong></p>\r\n<p style=\"text-align: justify; \"><strong>01 - Pedido de indica\u00e7\u00e3o do vereador Dejair Leo Fritz (PROGRESSISTA).</strong>Para que o Poder Executivo Municipal, atrav\u00e9s do \u00f3rg\u00e3o respons\u00e1vel pelo tr\u00e2nsito urbano, providencie a sinaliza\u00e7\u00e3o de velocidade conforme resolu\u00e7\u00f5es do Contran no in\u00edcio da Av: Rio Branco, pr\u00f3ximo a resid\u00eancia da fam\u00edlia Benetti/Rinc\u00e3o dos Dacanal.<strong>Pedido aprovado por unanimidade.</strong></p>\r\n<p style=\"text-align: justify; \"><strong>02 - Pedido de indica\u00e7\u00e3o do vereador Dejair Leo Fritz (PROGRESSISTA).</strong>Para que o Poder Executivo Municipal, atrav\u00e9s do \u00f3rg\u00e3o respons\u00e1vel pelo tr\u00e2nsito urbano, providencie a sinaliza\u00e7\u00e3o adequada na rotat\u00f3ria existente no entroncamento da Av. Rio Branco com Rua Coronel Bicaco, prefer\u00eancia para quem estiver na rotat\u00f3ria.<strong>Pedido aprovado por unanimidade.</strong></p>\r\n<p style=\"text-align: justify; \"><strong>03 - Pedido de indica\u00e7\u00e3o do vereador Vilson Zaltron (PROGRESSISTA).</strong>Para que o Poder P\u00fablico atrav\u00e9s do \u00f3rg\u00e3o competente estude a possibilidade de construir uma academia ao ar livre na Comunidade de Santa Terezinha da Col\u00f4nia, tendo em vista a import\u00e2ncia da pr\u00e1tica de atividades f\u00edsica, para uma boa qualidade de vida.<strong>Pedido aprovado por unanimidade.</strong></p>\r\n<p style=\"text-align: justify; \"><strong>04 -Pedido de provid\u00eancia do vereador Vilson Zaltron (PROGRESSISTA).</strong>Para que a Secretaria de Obras providencie com urg\u00eancia o patrolamento da estrada de Lagoa Seca a Esquina Neves, tendo em vista as m\u00e1s condi\u00e7\u00f5es que se encontram e devido \u00e0 proximidade da colheita.<strong>Pedido aprovado por unanimidade.</strong></p>\r\n<p style=\"text-align: justify; \"><strong>05 - Pedido de provid\u00eancia do vereador Vilson Zaltron (PROGRESSISTA).</strong>Para que a Secretaria de Obras providencie a reforma de um bueiro, na estrada que d\u00e1 acesso ao Rinc\u00e3o dos Bonfim (Esquina Neves).<strong>Pedido aprovado por unanimidade.</strong></p>\r\n<p style=\"text-align: justify; \"><strong>06 -Pedido de provid\u00eancia do vereador Pedro Itamar de Souza (PROGRESSISTA).</strong>Para que a Secretaria de Obras providencie o alargamento e encascalhamento na entrada de acesso a resid\u00eancia do senhor Verci Correia Borges, na localidade de ca\u00e7ador.<strong>Pedido aprovado por unanimidade.</strong></p>", "author_name": "ctp", "version": "1.0", "author_url": "https://www.catuipe.rs.leg.br/author/ctp", "provider_name": "C\u00e2mara Municipal de Catu\u00edpe", "type": "rich"}